{"id":5534,"date":"2025-04-09T19:17:34","date_gmt":"2025-04-09T22:17:34","guid":{"rendered":"https:\/\/lalupa24.com.ar\/?p=5534"},"modified":"2025-04-09T19:17:36","modified_gmt":"2025-04-09T22:17:36","slug":"inesperado-gesto-de-renovacion-sindical-hector-daer-anticipo-que-no-ira-por-una-reeleccion-al-frente-de-la-cgt","status":"publish","type":"post","link":"https:\/\/lalupa24.com.ar\/index.php\/2025\/04\/09\/inesperado-gesto-de-renovacion-sindical-hector-daer-anticipo-que-no-ira-por-una-reeleccion-al-frente-de-la-cgt\/","title":{"rendered":"Inesperado gesto de renovaci\u00f3n sindical: H\u00e9ctor Daer anticip\u00f3 que no ir\u00e1 por una reelecci\u00f3n al frente de la CGT"},"content":{"rendered":"\n<p>H\u00e9ctor Daer anunci\u00f3 que <strong>no buscar\u00e1 otro mandato al frente de la CGT<\/strong>, lo que provoca un gran impacto en el sindicalismo argentino, abriendo la puerta a una <strong>renovaci\u00f3n de autoridades<\/strong> en el congreso de noviembre. Aunque muchos cre\u00edan que intentar\u00eda ser el \u00fanico secretario general, Daer revel\u00f3 su decisi\u00f3n a un grupo de dirigentes cercanos.<\/p>\n\n\n\n<p>Antes de su salida, Daer quiere enfocarse en frenar la <strong>reforma laboral<\/strong> que impulsa el Gobierno de Javier Milei, quien ya anticip\u00f3 que insistir\u00e1 con los cambios del DNU 70 apenas tenga mayor\u00eda en el Congreso.<\/p>\n\n\n\n<p>En cuanto a su sucesi\u00f3n, Daer impulsa al dirigente del Seguro <strong>Jorge Sola<\/strong>, con el apoyo de Andr\u00e9s Rodr\u00edguez (UPCN), para formar parte de una futura conducci\u00f3n colegiada de 3 o 4 miembros. Tambi\u00e9n suenan otros nombres como <strong>Gerardo Mart\u00ednez (UOCRA), Sergio Sasia (Ferroviarios), Cristian Jer\u00f3nimo (Vidrio)<\/strong> y <strong>Daniel Vila (Carga y Descarga)<\/strong>, este \u00faltimo respaldado por <strong>Luis Barrionuevo<\/strong>.<\/p>\n\n\n\n<p>La <strong>salida de Daer<\/strong> reconfigura los equilibrios internos de la CGT: se quiebra el bloque moderado, y Daer se alinea con sectores m\u00e1s duros como Rodr\u00edguez y Lingeri (Obras Sanitarias), mientras que otros como Mart\u00ednez y Cavalieri se mantienen m\u00e1s cercanos al oficialismo.<\/p>\n\n\n\n<p>A nivel gremial, Daer tambi\u00e9n planea <strong>anticipar las elecciones en su sindicato (Sanidad)<\/strong>, que lidera desde hace 32 a\u00f1os, buscando evitar una interna opositora.<\/p>\n","protected":false},"excerpt":{"rendered":"<p>H\u00e9ctor Daer anunci\u00f3 que no buscar\u00e1 otro mandato al frente de la CGT, lo que provoca un gran impacto en el sindicalismo argentino, abriendo la puerta a una renovaci\u00f3n de autoridades en el congreso de noviembre. Aunque muchos cre\u00edan que intentar\u00eda ser el \u00fanico secretario general, Daer revel\u00f3 su decisi\u00f3n a un grupo de dirigentes [&hellip;]<\/p>\n","protected":false},"author":2,"featured_media":5535,"comment_status":"open","ping_status":"open","sticky":false,"template":"","format":"standard","meta":{"footnotes":""},"categories":[1],"tags":[],"class_list":{"0":"post-5534","1":"post","2":"type-post","3":"status-publish","4":"format-standard","5":"has-post-thumbnail","7":"category-blog"},"aioseo_notices":[],"_links":{"self":[{"href":"https:\/\/lalupa24.com.ar\/index.php\/wp-json\/wp\/v2\/posts\/5534","targetHints":{"allow":["GET"]}}],"collection":[{"href":"https:\/\/lalupa24.com.ar\/index.php\/wp-json\/wp\/v2\/posts"}],"about":[{"href":"https:\/\/lalupa24.com.ar\/index.php\/wp-json\/wp\/v2\/types\/post"}],"author":[{"embeddable":true,"href":"https:\/\/lalupa24.com.ar\/index.php\/wp-json\/wp\/v2\/users\/2"}],"replies":[{"embeddable":true,"href":"https:\/\/lalupa24.com.ar\/index.php\/wp-json\/wp\/v2\/comments?post=5534"}],"version-history":[{"count":1,"href":"https:\/\/lalupa24.com.ar\/index.php\/wp-json\/wp\/v2\/posts\/5534\/revisions"}],"predecessor-version":[{"id":5536,"href":"https:\/\/lalupa24.com.ar\/index.php\/wp-json\/wp\/v2\/posts\/5534\/revisions\/5536"}],"wp:featuredmedia":[{"embeddable":true,"href":"https:\/\/lalupa24.com.ar\/index.php\/wp-json\/wp\/v2\/media\/5535"}],"wp:attachment":[{"href":"https:\/\/lalupa24.com.ar\/index.php\/wp-json\/wp\/v2\/media?parent=5534"}],"wp:term":[{"taxonomy":"category","embeddable":true,"href":"https:\/\/lalupa24.com.ar\/index.php\/wp-json\/wp\/v2\/categories?post=5534"},{"taxonomy":"post_tag","embeddable":true,"href":"https:\/\/lalupa24.com.ar\/index.php\/wp-json\/wp\/v2\/tags?post=5534"}],"curies":[{"name":"wp","href":"https:\/\/api.w.org\/{rel}","templated":true}]}}