{"id":5556,"date":"2025-04-10T12:03:38","date_gmt":"2025-04-10T15:03:38","guid":{"rendered":"https:\/\/lalupa24.com.ar\/?p=5556"},"modified":"2025-04-10T12:03:40","modified_gmt":"2025-04-10T15:03:40","slug":"en-una-reunion-ampliada-con-militantes-primero-chaco-llevo-sus-propuestas-a-puerto-vilelas","status":"publish","type":"post","link":"https:\/\/lalupa24.com.ar\/index.php\/2025\/04\/10\/en-una-reunion-ampliada-con-militantes-primero-chaco-llevo-sus-propuestas-a-puerto-vilelas\/","title":{"rendered":"En una reuni\u00f3n ampliada con militantes, Primero Chaco llev\u00f3 sus propuestas a Puerto Vilelas"},"content":{"rendered":"\n<p>Los candidatos de la lista 655 encabezaron un acto con la militancia. Con gran convocatoria, llamaron a sumarse a este proyecto que busca renovar la forma de hacer pol\u00edtica en la provincia._<\/p>\n\n\n\n<p>El Microestadio del Club Defensores de Vilelas fue el escenario de este gran acto donde los candidatos del Frente Primero Chaco dieron a conocer sus propuestas y compromiso con la provincia. Ante las pr\u00f3ximas elecciones legislativas del 11 de mayo, este nuevo espacio pol\u00edtico se presenta como una alternativa, abierta y plural, para dar desde la Legislatura las respuestas que la ciudadan\u00eda necesita.<\/p>\n\n\n\n<p>\u201cHoy tenemos frente a nosotros referentes con experiencia en territorio, con formaci\u00f3n en diferentes \u00e1reas, militantes de distintos puntos de la provincia pero sobretodo personas unidas por la humildad, la fuerza, el compromiso y la voluntad de trabajar por el pueblo del Chaco\u201d, valor\u00f3 Marcelo \u201cColo\u201d Gonzalez, intendente de Puerto Vilelas, que con este mensaje dio inici\u00f3 a la actividad.<\/p>\n\n\n\n<p>Como segunda oradora, la candidata e intendenta de Barranqueras, Magda Ayala, expres\u00f3 con emoci\u00f3n: \u201cVenimos a mostrar otra forma de hacer pol\u00edtica. El pueblo del Chaco nos dio un mensaje, debemos dialogar y observar los errores que cometimos para elegir los mejores hombres y mujeres que puedan representarlos el pr\u00f3ximo 11 de mayo\u201d.<\/p>\n\n\n\n<p>Seguidamente, Ayala remarc\u00f3: \u201cEn la oposici\u00f3n hay muchas peleas y discusiones, nosotros queremos resolver los problemas de los chaque\u00f1os con di\u00e1logo y trabajo junto al pueblo. Queremos ser una oposici\u00f3n seria, con coherencia y compromiso para defender los derechos de la gente\u201d.<\/p>\n\n\n\n<p>Por \u00faltimo, el candidato y actual legislador provincial Atlanto \u201cPepe\u201d Honcheruk, sostuvo: \u201cLos invito a so\u00f1ar a todos con este nuevo proyecto pol\u00edtico que representamos con compa\u00f1eros de diferentes regiones, con territorio y experiencia, de sectores productivos, profesionales, de todos los partidos e independientes que forman parte de este espacio que busca transformar la provincia\u201d.<\/p>\n\n\n\n<p>Tras el cierre, los referentes de Primero Chaco dialogaron con los vecinos de Vilelas, escuchando sus inquietudes y sumando sus voluntades. Compartiendo la visi\u00f3n de la justicia social, este nuevo Frente promete renovar la pol\u00edtica local.<\/p>\n","protected":false},"excerpt":{"rendered":"<p>Los candidatos de la lista 655 encabezaron un acto con la militancia. Con gran convocatoria, llamaron a sumarse a este proyecto que busca renovar la forma de hacer pol\u00edtica en la provincia._ El Microestadio del Club Defensores de Vilelas fue el escenario de este gran acto donde los candidatos del Frente Primero Chaco dieron a [&hellip;]<\/p>\n","protected":false},"author":11,"featured_media":5557,"comment_status":"open","ping_status":"open","sticky":false,"template":"","format":"standard","meta":{"footnotes":""},"categories":[28],"tags":[],"class_list":{"0":"post-5556","1":"post","2":"type-post","3":"status-publish","4":"format-standard","5":"has-post-thumbnail","7":"category-locales"},"aioseo_notices":[],"_links":{"self":[{"href":"https:\/\/lalupa24.com.ar\/index.php\/wp-json\/wp\/v2\/posts\/5556","targetHints":{"allow":["GET"]}}],"collection":[{"href":"https:\/\/lalupa24.com.ar\/index.php\/wp-json\/wp\/v2\/posts"}],"about":[{"href":"https:\/\/lalupa24.com.ar\/index.php\/wp-json\/wp\/v2\/types\/post"}],"author":[{"embeddable":true,"href":"https:\/\/lalupa24.com.ar\/index.php\/wp-json\/wp\/v2\/users\/11"}],"replies":[{"embeddable":true,"href":"https:\/\/lalupa24.com.ar\/index.php\/wp-json\/wp\/v2\/comments?post=5556"}],"version-history":[{"count":1,"href":"https:\/\/lalupa24.com.ar\/index.php\/wp-json\/wp\/v2\/posts\/5556\/revisions"}],"predecessor-version":[{"id":5558,"href":"https:\/\/lalupa24.com.ar\/index.php\/wp-json\/wp\/v2\/posts\/5556\/revisions\/5558"}],"wp:featuredmedia":[{"embeddable":true,"href":"https:\/\/lalupa24.com.ar\/index.php\/wp-json\/wp\/v2\/media\/5557"}],"wp:attachment":[{"href":"https:\/\/lalupa24.com.ar\/index.php\/wp-json\/wp\/v2\/media?parent=5556"}],"wp:term":[{"taxonomy":"category","embeddable":true,"href":"https:\/\/lalupa24.com.ar\/index.php\/wp-json\/wp\/v2\/categories?post=5556"},{"taxonomy":"post_tag","embeddable":true,"href":"https:\/\/lalupa24.com.ar\/index.php\/wp-json\/wp\/v2\/tags?post=5556"}],"curies":[{"name":"wp","href":"https:\/\/api.w.org\/{rel}","templated":true}]}}