{"id":556,"date":"2024-03-11T19:28:39","date_gmt":"2024-03-11T22:28:39","guid":{"rendered":"https:\/\/lalupa24.com.ar\/?p=556"},"modified":"2024-03-11T19:28:41","modified_gmt":"2024-03-11T22:28:41","slug":"inflacion-de-febrero-el-gobierno-espera-una-caida-de-al-menos-6-puntos-en-el-dato-que-se-conocera-manana","status":"publish","type":"post","link":"https:\/\/lalupa24.com.ar\/index.php\/2024\/03\/11\/inflacion-de-febrero-el-gobierno-espera-una-caida-de-al-menos-6-puntos-en-el-dato-que-se-conocera-manana\/","title":{"rendered":"Inflaci\u00f3n de febrero: el Gobierno espera una ca\u00edda de al menos 6 puntos en el dato que se conocer\u00e1 ma\u00f1ana"},"content":{"rendered":"\n<p>El dato ser\u00eda bien recibido en el Gobierno en medio de la profunda recesi\u00f3n que atraviesa la econom\u00eda y brindar\u00eda ox\u00edgeno al oficialismo en la negociaci\u00f3n con los gobernadores por los puntos fiscales de la Ley de Bases<\/p>\n\n\n\n<p><\/p>\n\n\n\n<p>El INDEC dar\u00e1 a conocer ma\u00f1ana el registro de inflaci\u00f3n de febrero, un dato que llegar\u00e1 en un momento clave de la econom\u00eda y tambi\u00e9n de la pol\u00edtica. En el primero de los planos, la realidad est\u00e1 a la vista: la recesi\u00f3n se impuso en tal magnitud que incluso colabor\u00f3 en el descenso de la escalada inflacionaria de diciembre \u00faltimo, post devaluaci\u00f3n. En el segundo plano, el pol\u00edtico, un \u201cbuen dato\u201d -es decir, de 15% para abajo- permitir\u00eda al Gobierno fortalecer su posici\u00f3n de cara a las negociaciones que se iniciaron la semana pasada con los gobernadores para aprobar la nueva Ley de Bases, instancia previa a la firma del Pacto de Mayo. Detr\u00e1s de esa afirmaci\u00f3n est\u00e1 la presunci\u00f3n de que un dato relativamente bajo para el IPC del mes pasado permitir\u00eda al Gobierno retener el nivel de apoyo en medio del parate de la actividad y la p\u00e9rdida real de ingresos.<\/p>\n","protected":false},"excerpt":{"rendered":"<p>El dato ser\u00eda bien recibido en el Gobierno en medio de la profunda recesi\u00f3n que atraviesa la econom\u00eda y brindar\u00eda ox\u00edgeno al oficialismo en la negociaci\u00f3n con los gobernadores por los puntos fiscales de la Ley de Bases El INDEC dar\u00e1 a conocer ma\u00f1ana el registro de inflaci\u00f3n de febrero, un dato que llegar\u00e1 en [&hellip;]<\/p>\n","protected":false},"author":2,"featured_media":557,"comment_status":"open","ping_status":"open","sticky":false,"template":"","format":"standard","meta":{"footnotes":""},"categories":[24],"tags":[],"class_list":{"0":"post-556","1":"post","2":"type-post","3":"status-publish","4":"format-standard","5":"has-post-thumbnail","7":"category-economia"},"aioseo_notices":[],"_links":{"self":[{"href":"https:\/\/lalupa24.com.ar\/index.php\/wp-json\/wp\/v2\/posts\/556","targetHints":{"allow":["GET"]}}],"collection":[{"href":"https:\/\/lalupa24.com.ar\/index.php\/wp-json\/wp\/v2\/posts"}],"about":[{"href":"https:\/\/lalupa24.com.ar\/index.php\/wp-json\/wp\/v2\/types\/post"}],"author":[{"embeddable":true,"href":"https:\/\/lalupa24.com.ar\/index.php\/wp-json\/wp\/v2\/users\/2"}],"replies":[{"embeddable":true,"href":"https:\/\/lalupa24.com.ar\/index.php\/wp-json\/wp\/v2\/comments?post=556"}],"version-history":[{"count":1,"href":"https:\/\/lalupa24.com.ar\/index.php\/wp-json\/wp\/v2\/posts\/556\/revisions"}],"predecessor-version":[{"id":558,"href":"https:\/\/lalupa24.com.ar\/index.php\/wp-json\/wp\/v2\/posts\/556\/revisions\/558"}],"wp:featuredmedia":[{"embeddable":true,"href":"https:\/\/lalupa24.com.ar\/index.php\/wp-json\/wp\/v2\/media\/557"}],"wp:attachment":[{"href":"https:\/\/lalupa24.com.ar\/index.php\/wp-json\/wp\/v2\/media?parent=556"}],"wp:term":[{"taxonomy":"category","embeddable":true,"href":"https:\/\/lalupa24.com.ar\/index.php\/wp-json\/wp\/v2\/categories?post=556"},{"taxonomy":"post_tag","embeddable":true,"href":"https:\/\/lalupa24.com.ar\/index.php\/wp-json\/wp\/v2\/tags?post=556"}],"curies":[{"name":"wp","href":"https:\/\/api.w.org\/{rel}","templated":true}]}}