{"id":5616,"date":"2025-04-10T22:36:37","date_gmt":"2025-04-11T01:36:37","guid":{"rendered":"https:\/\/lalupa24.com.ar\/?p=5616"},"modified":"2025-04-10T22:37:37","modified_gmt":"2025-04-11T01:37:37","slug":"la-cgt-dijo-que-el-paro-fue-un-exito-rotundo-y-critico-la-campana-del-gobierno-contra-la-medida","status":"publish","type":"post","link":"https:\/\/lalupa24.com.ar\/index.php\/2025\/04\/10\/la-cgt-dijo-que-el-paro-fue-un-exito-rotundo-y-critico-la-campana-del-gobierno-contra-la-medida\/","title":{"rendered":"La CGT dijo que el paro fue &#8220;un \u00e9xito rotundo&#8221; y critic\u00f3 la campa\u00f1a del Gobierno contra la medida"},"content":{"rendered":"\n<p>&#8220;Cuanta presi\u00f3n hicieron sobre tantos sectores, nos vend\u00edan que hab\u00eda lugares en que no iban a parar&#8221; dijo H\u00e9ctor Daer.<\/p>\n\n\n\n<p>El cosecretario general de la CGT H\u00e9ctor Daer destac\u00f3 que el tercer paro general concretado hoy por la central obrera en la gesti\u00f3n de Javier Milei fue un &#8220;\u00e9xito rotundo&#8221;, pese a que la medida de fuerza registr\u00f3 un impacto menor a la de anteriores.<\/p>\n\n\n\n<p>En una conferencia de prensa que la dirigencia de la CGT brind\u00f3 pasadas las 16 en su sede de la calle Azopardo, Daer felicit\u00f3 a &#8220;todos los trabajadores que tomaron la decisi\u00f3n de parar sus actividades para demostrar, una vez m\u00e1s, que el movimiento sindical lleva adelante una agenda clara y concreta para que cambien las pol\u00edticas de ingreso que est\u00e1 teniendo nuestro pa\u00eds&#8221;.<\/p>\n\n\n\n<p>Por otro lado, el referente del gremio de la Sanidad critic\u00f3 la campa\u00f1a publicitaria montada por el Gobierno contra el paro y dijo que es un &#8220;mecanismo muy complicado que fue utilizado cuando se perdi\u00f3 la democracia&#8221;.<\/p>\n\n\n\n<p>&#8220;Cuando se perdi\u00f3 la democracia fueron utilizados esos mismos medios maniqueos&#8221;, se\u00f1al\u00f3 Daer, al referirse a los esl\u00f3ganes contra el paro que el Gobierno emiti\u00f3 por altoparlantes en las estaciones de trenes.<\/p>\n\n\n\n<p>A su vez, el sindicalista se despeg\u00f3 de los incidentes registrados en algunos colectivos que funcionaron con normalidad por la conciliaci\u00f3n obligatoria que acat\u00f3 la UTA.<\/p>\n\n\n\n<p>&#8220;Nada tienen que ver con los trabajadores ni con las organizaciones sindicales&#8221;, dijo sobre esos ataques a pedradas que sufrieron algunas formaciones y que algunas lecturas lo asociaron a represalias contra la UTA de parte de otros sectores de la central obrera.<\/p>\n\n\n\n<p>Tambi\u00e9n, Daer respondi\u00f3 el comunicado cr\u00edtico del Gobierno que aludi\u00f3 al paro de &#8220;la casta sindical&#8221;: &#8220;Quiero descartar la palabra casta que no tiene nada que ver con este pa\u00eds, ac\u00e1 somos todos iguales ante la ley. En Argentina no hay divisi\u00f3n por castas pero s\u00ed podr\u00edamos dividir entre oligarqu\u00eda y trabajadores&#8221;, sostuvo.<\/p>\n\n\n\n<p>Y sobre el accionar de la Casa Rosada, agreg\u00f3: &#8220;Cuanta presi\u00f3n hicieron sobre tantos sectores, nos vend\u00edan que hab\u00eda lugares en que no iban a parar&#8221;.<\/p>\n","protected":false},"excerpt":{"rendered":"<p>&#8220;Cuanta presi\u00f3n hicieron sobre tantos sectores, nos vend\u00edan que hab\u00eda lugares en que no iban a parar&#8221; dijo H\u00e9ctor Daer. El cosecretario general de la CGT H\u00e9ctor Daer destac\u00f3 que el tercer paro general concretado hoy por la central obrera en la gesti\u00f3n de Javier Milei fue un &#8220;\u00e9xito rotundo&#8221;, pese a que la medida [&hellip;]<\/p>\n","protected":false},"author":11,"featured_media":5617,"comment_status":"open","ping_status":"open","sticky":false,"template":"","format":"standard","meta":{"footnotes":""},"categories":[26],"tags":[],"class_list":{"0":"post-5616","1":"post","2":"type-post","3":"status-publish","4":"format-standard","5":"has-post-thumbnail","7":"category-nacionales"},"aioseo_notices":[],"_links":{"self":[{"href":"https:\/\/lalupa24.com.ar\/index.php\/wp-json\/wp\/v2\/posts\/5616","targetHints":{"allow":["GET"]}}],"collection":[{"href":"https:\/\/lalupa24.com.ar\/index.php\/wp-json\/wp\/v2\/posts"}],"about":[{"href":"https:\/\/lalupa24.com.ar\/index.php\/wp-json\/wp\/v2\/types\/post"}],"author":[{"embeddable":true,"href":"https:\/\/lalupa24.com.ar\/index.php\/wp-json\/wp\/v2\/users\/11"}],"replies":[{"embeddable":true,"href":"https:\/\/lalupa24.com.ar\/index.php\/wp-json\/wp\/v2\/comments?post=5616"}],"version-history":[{"count":1,"href":"https:\/\/lalupa24.com.ar\/index.php\/wp-json\/wp\/v2\/posts\/5616\/revisions"}],"predecessor-version":[{"id":5618,"href":"https:\/\/lalupa24.com.ar\/index.php\/wp-json\/wp\/v2\/posts\/5616\/revisions\/5618"}],"wp:featuredmedia":[{"embeddable":true,"href":"https:\/\/lalupa24.com.ar\/index.php\/wp-json\/wp\/v2\/media\/5617"}],"wp:attachment":[{"href":"https:\/\/lalupa24.com.ar\/index.php\/wp-json\/wp\/v2\/media?parent=5616"}],"wp:term":[{"taxonomy":"category","embeddable":true,"href":"https:\/\/lalupa24.com.ar\/index.php\/wp-json\/wp\/v2\/categories?post=5616"},{"taxonomy":"post_tag","embeddable":true,"href":"https:\/\/lalupa24.com.ar\/index.php\/wp-json\/wp\/v2\/tags?post=5616"}],"curies":[{"name":"wp","href":"https:\/\/api.w.org\/{rel}","templated":true}]}}