{"id":5622,"date":"2025-04-10T22:57:05","date_gmt":"2025-04-11T01:57:05","guid":{"rendered":"https:\/\/lalupa24.com.ar\/?p=5622"},"modified":"2025-04-10T22:57:07","modified_gmt":"2025-04-11T01:57:07","slug":"zdero-acompano-al-cierre-de-la-ii-cumbre-chaquena-de-ciencia-tecnologia-e-innovacion","status":"publish","type":"post","link":"https:\/\/lalupa24.com.ar\/index.php\/2025\/04\/10\/zdero-acompano-al-cierre-de-la-ii-cumbre-chaquena-de-ciencia-tecnologia-e-innovacion\/","title":{"rendered":"Zdero acompa\u00f1\u00f3 al cierre de la II cumbre Chaque\u00f1a de ciencia tecnolog\u00eda e innovaci\u00f3n"},"content":{"rendered":"\n<p><\/p>\n\n\n\n<p><em>Este jueves, en Resistencia, se realiz\u00f3 la II Cumbre Chaque\u00f1a de Ciencia, Tecnolog\u00eda e Innovaci\u00f3n, en el marco de la conmemoraci\u00f3n del D\u00eda Mundial de la Ciencia y la Tecnolog\u00eda, en las instalaciones del Centro de Convenciones Gala. Se trata de la segunda edici\u00f3n que busca fomentar la vinculaci\u00f3n entre el sistema cient\u00edfico-tecnol\u00f3gico, sectores de la actividad econ\u00f3mica y organismos estatales.<\/em><\/p>\n\n\n\n<p><em>El gobernador Zdero, acompa\u00f1\u00f3 hoy el cierre de la Cumbre y sobre la importancia del evento manifest\u00f3: \u201cEs sumamente importante poder apoyar todo lo que es la innovaci\u00f3n; y para nosotros es apoyar al Chaco del conocimiento; al Chaco que quiere emprender y romper esa matriz del conformismo para salir adelante. Con esto se fomenta la articulaci\u00f3n, el esfuerzo, apoyar las formaciones porque terminan siendo usinas del conocimiento para nuestra provincia, por eso, muy feliz de estar compartiendo junto a muchos presentes en esta Cumbre. El Estado debe ser facilitador ayudando para que el mayor de los esfuerzos de los sectores lleguen a buen destino, para un Chaco con buenos resultados a corto, mediano y largo plazo\u201d- se\u00f1al\u00f3 el primer mandatario provincial.<\/em><br>Durante el encuentro, participaron destacados expositores del mundo acad\u00e9mico, empresarial y gubernamental, provenientes tanto del Chaco como de otras provincias. &#8220;La cumbre es una nueva oportunidad de poner en di\u00e1logo la producci\u00f3n de la actividad cient\u00edfica, el desarrollo tecnol\u00f3gico y la innovaci\u00f3n de la provincia con los sectores productivos, industriales, el emprendedurismo y el Estado&#8221;, destac\u00f3 Delfina Veirav\u00e9, presidenta del Instituto Chaque\u00f1o de Ciencia, Tecnolog\u00eda e Innovaci\u00f3n (ICCTI). Adem\u00e1s, explic\u00f3: &#8220;un evento de estas caracter\u00edsticas es necesario para que el conocimiento pueda tener un mayor impacto en el desarrollo econ\u00f3mico y social del Chaco&#8221;.<br>El evento se llev\u00f3 adelante con entrada libre y gratuita, con previa inscripci\u00f3n en la p\u00e1gina web https:\/\/iccti.chaco.gob.ar\/cumbre2025<br>Esta Segunda Cumbre Chaque\u00f1a de Ciencia, Tecnolog\u00eda e Innovaci\u00f3n lleg\u00f3, tras el \u00e9xito de su primera edici\u00f3n en 2024, que reuni\u00f3 a m\u00e1s de 500 asistentes y cont\u00f3 con la participaci\u00f3n de 50 expositores de todo el pa\u00eds. &#8220;La idea de este evento fue conmemorar el D\u00eda Mundial de la Ciencia y la Tecnolog\u00eda y mostrar los avances que se dan en nuestra querida provincia&#8221;, concluy\u00f3 Alejandro Gorodner.<\/p>\n\n\n\n<p>*<em>Contacto para entrevistas:<\/em><br>*Delfina Veirav\u00e9, presidente del ICCTI 3794409514*<br><em>Alejandro Gorodner,<\/em> <em>vicepresidente del ICCTI 3624567200<\/em><\/p>\n","protected":false},"excerpt":{"rendered":"<p>Este jueves, en Resistencia, se realiz\u00f3 la II Cumbre Chaque\u00f1a de Ciencia, Tecnolog\u00eda e Innovaci\u00f3n, en el marco de la conmemoraci\u00f3n del D\u00eda Mundial de la Ciencia y la Tecnolog\u00eda, en las instalaciones del Centro de Convenciones Gala. Se trata de la segunda edici\u00f3n que busca fomentar la vinculaci\u00f3n entre el sistema cient\u00edfico-tecnol\u00f3gico, sectores de [&hellip;]<\/p>\n","protected":false},"author":2,"featured_media":5623,"comment_status":"open","ping_status":"open","sticky":false,"template":"","format":"standard","meta":{"footnotes":""},"categories":[28],"tags":[],"class_list":{"0":"post-5622","1":"post","2":"type-post","3":"status-publish","4":"format-standard","5":"has-post-thumbnail","7":"category-locales"},"aioseo_notices":[],"_links":{"self":[{"href":"https:\/\/lalupa24.com.ar\/index.php\/wp-json\/wp\/v2\/posts\/5622","targetHints":{"allow":["GET"]}}],"collection":[{"href":"https:\/\/lalupa24.com.ar\/index.php\/wp-json\/wp\/v2\/posts"}],"about":[{"href":"https:\/\/lalupa24.com.ar\/index.php\/wp-json\/wp\/v2\/types\/post"}],"author":[{"embeddable":true,"href":"https:\/\/lalupa24.com.ar\/index.php\/wp-json\/wp\/v2\/users\/2"}],"replies":[{"embeddable":true,"href":"https:\/\/lalupa24.com.ar\/index.php\/wp-json\/wp\/v2\/comments?post=5622"}],"version-history":[{"count":1,"href":"https:\/\/lalupa24.com.ar\/index.php\/wp-json\/wp\/v2\/posts\/5622\/revisions"}],"predecessor-version":[{"id":5624,"href":"https:\/\/lalupa24.com.ar\/index.php\/wp-json\/wp\/v2\/posts\/5622\/revisions\/5624"}],"wp:featuredmedia":[{"embeddable":true,"href":"https:\/\/lalupa24.com.ar\/index.php\/wp-json\/wp\/v2\/media\/5623"}],"wp:attachment":[{"href":"https:\/\/lalupa24.com.ar\/index.php\/wp-json\/wp\/v2\/media?parent=5622"}],"wp:term":[{"taxonomy":"category","embeddable":true,"href":"https:\/\/lalupa24.com.ar\/index.php\/wp-json\/wp\/v2\/categories?post=5622"},{"taxonomy":"post_tag","embeddable":true,"href":"https:\/\/lalupa24.com.ar\/index.php\/wp-json\/wp\/v2\/tags?post=5622"}],"curies":[{"name":"wp","href":"https:\/\/api.w.org\/{rel}","templated":true}]}}