{"id":5659,"date":"2025-04-12T13:15:00","date_gmt":"2025-04-12T16:15:00","guid":{"rendered":"https:\/\/lalupa24.com.ar\/?p=5659"},"modified":"2025-04-13T01:20:37","modified_gmt":"2025-04-13T04:20:37","slug":"el-gobernador-inauguro-refacciones-en-el-cedepro-y-acompano-la-xvi-exposicion-rotativa-del-progano","status":"publish","type":"post","link":"https:\/\/lalupa24.com.ar\/index.php\/2025\/04\/12\/el-gobernador-inauguro-refacciones-en-el-cedepro-y-acompano-la-xvi-exposicion-rotativa-del-progano\/","title":{"rendered":"El gobernador inaugur\u00f3 refacciones en el cedepro y acompa\u00f1\u00f3 la XVI exposici\u00f3n rotativa del progano"},"content":{"rendered":"\n<p><br><em>El mandatario recorri\u00f3 el predio del CEDEPRO totalmente refaccionado, donde se realiza esta Expo que adem\u00e1s de permitir la adquisici\u00f3n de animales, tambi\u00e9n se brindar\u00e1 charlas informativas sobre alimentaci\u00f3n, manejo y sanidad. De esta forma, el Estado contin\u00faa llevando adelante pol\u00edticas de potenciaci\u00f3n del sector productivo de la provincia<\/em><\/p>\n\n\n\n<p>Continuando con su agenda de actividades en Miraflores, el gobernador Leandro Zdero inaugur\u00f3 las refacciones en la sede del Centro de Desarrollo Productivo (CE.DE.PRO), donde se lleva adelante la XVI Exposici\u00f3n Rotativa del Programa Ganadero del Norte (PROGANO), evento en el que se realizan muestras de ganado caprino y ovino del Norte Argentino, beneficiando al peque\u00f1o y mediano productor.<br>Acompa\u00f1ado por el ministro de la Producci\u00f3n y el Desarrollo Econ\u00f3mico Sostenible, Oscar Dudik, Zdero destac\u00f3 el trabajo que viene llevando adelante esta cartera en materia de recuperaci\u00f3n del programa ganadero PROGANO, \u201cnos va a impulsar, nos va a generar recursos y nos va a poner en una provincia que realmente le d\u00e9 respuestas a cada uno de los productores, pero fundamentalmente, tendr\u00e1 al Estado como facilitador, teniendo una herramienta como el CEDEPRO, que es un centro de atenci\u00f3n, donde habr\u00e1 prestaci\u00f3n de los servicios que brinda el Estado\u201d, asegur\u00f3.<br>En el CEDEPRO se realizaron reparaciones de veredas, pisos deteriorados, cambio de mesadas en cocina y reemplazo de cielorrasos exteriores. Se limpiaron y refaccionaron las instalaciones sanitarias, se reemplazaron aberturas; se refaccionaron las instalaciones el\u00e9ctricas y la instalaci\u00f3n pluvial existente. Se realiz\u00f3 el acondicionamiento general del tanque, se repararon los corrales y se realiz\u00f3 la pintura interior y exterior del predio.<br>Respecto a esta obra, Zdero asegur\u00f3 que estas refacciones se est\u00e1n realizando en distintos puntos de la provincia y asegur\u00f3 que en cada espacio, estar\u00e1n referentes del Ministerio de Producci\u00f3n, acompa\u00f1ando a la producci\u00f3n y \u201cd\u00e1ndole al productor la posibilidad de tener su producci\u00f3n en condiciones, que la pueda mejorar, duplicarla y es el desaf\u00edo que tenemos junto al ministro Dudik\u201d, ratific\u00f3 el gobernador.<br>Respecto a la XIV Exposici\u00f3n Rotativa del PROGANO, que regres\u00f3 luego de 7 a\u00f1os a El Impenetrable, Zdero destac\u00f3 que \u201cesto habla de este Chaco productivo, de la gente de mucho esfuerzo, coraje, que se rompe el lomo para tener sus peque\u00f1as caba\u00f1as, animales\u201d y reiter\u00f3 la importancia de que el Estado acompa\u00f1e estos programas para \u201cgarantizar buena gen\u00e9tica, brindando reproductores, hembras, machos y garantizar a trav\u00e9s del CEDEPRO, la mejor calidad y gen\u00e9tica de nuestra producci\u00f3n\u201d, dijo. \u201cMuchos productores evidencian que el Chaco tiene una de las mejores ofertas en materia c\u00e1rnica, fundamentalmente de este sector\u201d, asegur\u00f3.<\/p>\n\n\n\n<p><em>Expo PROGANO<\/em><br>Del 10 al 12 de abril, se realiza la XIV Exposici\u00f3n Rotativa del PROGANO permitiendo al peque\u00f1o y mediano productor acceder a la compra de animales para el mejoramiento gen\u00e9tico y tambi\u00e9n, para el aumento de vientres en los rodeos. En la Expo se dictan charlas informativas sobre alimentaci\u00f3n, manejo de rodeo, sanidad y habr\u00e1 75 caprinos de razas Anglo Nubian y Angora Boer y 25 ovinos de razas White Dorper, Dorper y Santa In\u00e9s.<\/p>\n\n\n\n<p>A su turno, el ministro Dudik explic\u00f3 que en CEDEPRO hab\u00eda sido abandonado \u201cy la decisi\u00f3n del gobernador fue reactivar este proyecto ganadero con un alto contenido social adem\u00e1s de productivo hizo que hoy se est\u00e9n refaccionando en el marco de la nueva Exposici\u00f3n Rotativa del PROGANO, con una participaci\u00f3n importante de caba\u00f1as chaque\u00f1as, que lograron una gen\u00e9tica extraordinaria, Es un orgullo estar participando de esta demostraci\u00f3n productiva en El Impenetrable Chaque\u00f1o\u201d, dijo.<br>Dudik record\u00f3 que estos CEDEPRO sirvieron para el desarrollo de la producci\u00f3n del Chaco, nexos entre familias y luego de unos a\u00f1os fueron totalmente abandonados, \u201ctransformados en escenarios pol\u00edticos\u201d y por ello \u201cme emocion\u00e9 porque gracias al gobernador Zdero, luego de 20 a\u00f1os, me dio la posibilidad de coordinar el Ministerio de Producci\u00f3n y aplicar pol\u00edticas concretas que tienen que ver con reactivar este proyecto con tanto contenido social y cada uno de estos Centros de Desarrollo Productivo\u201d, finaliz\u00f3.<\/p>\n","protected":false},"excerpt":{"rendered":"<p>El mandatario recorri\u00f3 el predio del CEDEPRO totalmente refaccionado, donde se realiza esta Expo que adem\u00e1s de permitir la adquisici\u00f3n de animales, tambi\u00e9n se brindar\u00e1 charlas informativas sobre alimentaci\u00f3n, manejo y sanidad. De esta forma, el Estado contin\u00faa llevando adelante pol\u00edticas de potenciaci\u00f3n del sector productivo de la provincia Continuando con su agenda de actividades [&hellip;]<\/p>\n","protected":false},"author":2,"featured_media":5662,"comment_status":"open","ping_status":"open","sticky":false,"template":"","format":"standard","meta":{"footnotes":""},"categories":[27],"tags":[],"class_list":{"0":"post-5659","1":"post","2":"type-post","3":"status-publish","4":"format-standard","5":"has-post-thumbnail","7":"category-interior"},"aioseo_notices":[],"_links":{"self":[{"href":"https:\/\/lalupa24.com.ar\/index.php\/wp-json\/wp\/v2\/posts\/5659","targetHints":{"allow":["GET"]}}],"collection":[{"href":"https:\/\/lalupa24.com.ar\/index.php\/wp-json\/wp\/v2\/posts"}],"about":[{"href":"https:\/\/lalupa24.com.ar\/index.php\/wp-json\/wp\/v2\/types\/post"}],"author":[{"embeddable":true,"href":"https:\/\/lalupa24.com.ar\/index.php\/wp-json\/wp\/v2\/users\/2"}],"replies":[{"embeddable":true,"href":"https:\/\/lalupa24.com.ar\/index.php\/wp-json\/wp\/v2\/comments?post=5659"}],"version-history":[{"count":1,"href":"https:\/\/lalupa24.com.ar\/index.php\/wp-json\/wp\/v2\/posts\/5659\/revisions"}],"predecessor-version":[{"id":5663,"href":"https:\/\/lalupa24.com.ar\/index.php\/wp-json\/wp\/v2\/posts\/5659\/revisions\/5663"}],"wp:featuredmedia":[{"embeddable":true,"href":"https:\/\/lalupa24.com.ar\/index.php\/wp-json\/wp\/v2\/media\/5662"}],"wp:attachment":[{"href":"https:\/\/lalupa24.com.ar\/index.php\/wp-json\/wp\/v2\/media?parent=5659"}],"wp:term":[{"taxonomy":"category","embeddable":true,"href":"https:\/\/lalupa24.com.ar\/index.php\/wp-json\/wp\/v2\/categories?post=5659"},{"taxonomy":"post_tag","embeddable":true,"href":"https:\/\/lalupa24.com.ar\/index.php\/wp-json\/wp\/v2\/tags?post=5659"}],"curies":[{"name":"wp","href":"https:\/\/api.w.org\/{rel}","templated":true}]}}