{"id":5667,"date":"2025-04-12T13:23:00","date_gmt":"2025-04-12T16:23:00","guid":{"rendered":"https:\/\/lalupa24.com.ar\/?p=5667"},"modified":"2025-04-13T01:26:11","modified_gmt":"2025-04-13T04:26:11","slug":"villa-rio-bermejito-recibio-nueva-entrega-de-ambulancias","status":"publish","type":"post","link":"https:\/\/lalupa24.com.ar\/index.php\/2025\/04\/12\/villa-rio-bermejito-recibio-nueva-entrega-de-ambulancias\/","title":{"rendered":"Villa R\u00edo Bermejito recibi\u00f3 nueva entrega de ambulancias"},"content":{"rendered":"\n<p><\/p>\n\n\n\n<p><em>Desde Villa Rio Bermejito, el gobernador Leandro Zdero junto al ministro de Salud de la provincia, entregaron una nueva ambulancia para la localidad. Se trata de un veh\u00edculo Ford Transit Furg\u00f3n 350M TE 2.2 TDI, con cabina de conducci\u00f3n y cuerpo integral (Cabina sanitaria).<\/em><\/p>\n\n\n\n<p>Este veh\u00edculo fue equipado con todo lo necesario para una unidad de Traslado de Mediana Complejidad, para rescate en accidentes y rescates en la v\u00eda p\u00fablica adem\u00e1s de traslados hacia el hospital del Bicentenario, en Juan Jos\u00e9 Castelli.<br>Referido a esto el gobernador explic\u00f3 que la entrega \u201cresponde a un plan estrat\u00e9gico en materias de salud que venimos trabajando y que tiene que ver con solucionar los recursos humanos, tiene que ver con insumos y reforzar la Red Sanitaria\u201d.<br>Por su parte, el ministro de Salud Rodr\u00edguez, enfatiz\u00f3 que \u201ctodas estas unidades fueron compradas con recursos propios del Estado provincial. Hace 16 meses hemos incorporado 60 veh\u00edculos para el Ministerio de Salud, lo cual para nosotros es un esfuerzo enorme de los chaque\u00f1os\u201d.<br>Acompa\u00f1\u00f3 la entrega de ambulancia, la subsecretaria de Articulaci\u00f3n Sanitaria, Dra. Mariela Mercad\u00edn, la directora del nosocomio local, odont\u00f3loga Ivana Breard y el intendente de la localidad, Omar Reis.<\/p>\n","protected":false},"excerpt":{"rendered":"<p>Desde Villa Rio Bermejito, el gobernador Leandro Zdero junto al ministro de Salud de la provincia, entregaron una nueva ambulancia para la localidad. Se trata de un veh\u00edculo Ford Transit Furg\u00f3n 350M TE 2.2 TDI, con cabina de conducci\u00f3n y cuerpo integral (Cabina sanitaria). Este veh\u00edculo fue equipado con todo lo necesario para una unidad [&hellip;]<\/p>\n","protected":false},"author":2,"featured_media":5668,"comment_status":"open","ping_status":"open","sticky":false,"template":"","format":"standard","meta":{"footnotes":""},"categories":[27],"tags":[],"class_list":{"0":"post-5667","1":"post","2":"type-post","3":"status-publish","4":"format-standard","5":"has-post-thumbnail","7":"category-interior"},"aioseo_notices":[],"_links":{"self":[{"href":"https:\/\/lalupa24.com.ar\/index.php\/wp-json\/wp\/v2\/posts\/5667","targetHints":{"allow":["GET"]}}],"collection":[{"href":"https:\/\/lalupa24.com.ar\/index.php\/wp-json\/wp\/v2\/posts"}],"about":[{"href":"https:\/\/lalupa24.com.ar\/index.php\/wp-json\/wp\/v2\/types\/post"}],"author":[{"embeddable":true,"href":"https:\/\/lalupa24.com.ar\/index.php\/wp-json\/wp\/v2\/users\/2"}],"replies":[{"embeddable":true,"href":"https:\/\/lalupa24.com.ar\/index.php\/wp-json\/wp\/v2\/comments?post=5667"}],"version-history":[{"count":1,"href":"https:\/\/lalupa24.com.ar\/index.php\/wp-json\/wp\/v2\/posts\/5667\/revisions"}],"predecessor-version":[{"id":5669,"href":"https:\/\/lalupa24.com.ar\/index.php\/wp-json\/wp\/v2\/posts\/5667\/revisions\/5669"}],"wp:featuredmedia":[{"embeddable":true,"href":"https:\/\/lalupa24.com.ar\/index.php\/wp-json\/wp\/v2\/media\/5668"}],"wp:attachment":[{"href":"https:\/\/lalupa24.com.ar\/index.php\/wp-json\/wp\/v2\/media?parent=5667"}],"wp:term":[{"taxonomy":"category","embeddable":true,"href":"https:\/\/lalupa24.com.ar\/index.php\/wp-json\/wp\/v2\/categories?post=5667"},{"taxonomy":"post_tag","embeddable":true,"href":"https:\/\/lalupa24.com.ar\/index.php\/wp-json\/wp\/v2\/tags?post=5667"}],"curies":[{"name":"wp","href":"https:\/\/api.w.org\/{rel}","templated":true}]}}