{"id":567,"date":"2024-03-11T21:25:33","date_gmt":"2024-03-12T00:25:33","guid":{"rendered":"https:\/\/lalupa24.com.ar\/?p=567"},"modified":"2024-03-11T21:25:34","modified_gmt":"2024-03-12T00:25:34","slug":"ernesto-blasco-el-pro-no-esta-para-mas-internas-necesitamos-reencauzar-el-partido","status":"publish","type":"post","link":"https:\/\/lalupa24.com.ar\/index.php\/2024\/03\/11\/ernesto-blasco-el-pro-no-esta-para-mas-internas-necesitamos-reencauzar-el-partido\/","title":{"rendered":"Ernesto Blasco \u201cEl PRO no est\u00e1 para m\u00e1s internas, necesitamos reencauzar el partido\u201d"},"content":{"rendered":"\n<p><strong>El legislador del bloque PRO propone a Mauricio Macri como presidente del \u00a0partido.<\/strong><\/p>\n\n\n\n<p>El diputado provincial y presidente del PRO Chaco, Ernesto Blasco, realiz\u00f3 un an\u00e1lisis de la actualidad provincial, nacional y su actividad legislativa, adem\u00e1s de hacer referencia a la reuni\u00f3n que se llev\u00f3 adelante en Rosario junto a los dem\u00e1s presidentes de las distintas provincias argentinas que trabajan en la unidad y en nombrar a Mauricio Macri como presidente del Pro Nacional.<\/p>\n\n\n\n<p>El legislador saenzpe\u00f1ense detall\u00f3 la actualidad provincial, donde el pueblo chaque\u00f1o decidi\u00f3 dar vuelta la p\u00e1gina y comenzar a escribir una nueva historia. &#8220;La situaci\u00f3n de la provincia no es distinta a la de naci\u00f3n, que fue gobernada por el kirchnerismo y b\u00e1sicamente nos hemos encontrado con desastres en cosas b\u00e1sicas como la salud, educaci\u00f3n y seguridad, donde el gobernador Leandro Zdero y los legisladores estamos tratando de revertir r\u00e1pidamente esta situaci\u00f3n&#8221;.<\/p>\n\n\n\n<p>En sinton\u00eda a esto, Blasco fue muy claro al manifestar que &#8221; que se est\u00e1 buscando hacer crecer la producci\u00f3n y apoyar al sector productivo del Chaco, que tiene los recursos naturales, pero que a la vez tenemos el \u00edndice de pobreza m\u00e1s alto del pa\u00eds y eso se puede revertir con la generaci\u00f3n de empleo&#8221;, a\u00f1adiendo a su vez que &#8220;el Gobierno est\u00e1 invirtiendo fuertemente en los sueldos de los docentes, donde la educaci\u00f3n es el pilar fundamental para que saquemos la provincia adelante&#8221;.<\/p>\n\n\n\n<p><strong>Dispositivo TASER<\/strong><\/p>\n\n\n\n<p>En cuanto a su actividad legislativa, el diputado provincial del interbloque &#8220;Juntos por el Cambio&#8221; repas\u00f3 el proyecto de ley de su autor\u00eda, en el cual propone la utilizaci\u00f3n del dispositivo TASER por parte de las fuerzas de seguridad, en el cual esta normativa propone agregar y\/ o modificar incisos a la Ley de Seguridad P\u00fablica de la provincia del Chaco, en el cual involucra al protocolo de actuaci\u00f3n para la utilizaci\u00f3n de dispositivos electr\u00f3nicos de inmovilizaci\u00f3n moment\u00e1nea de baja letalidad (DEIM).<\/p>\n\n\n\n<p>&#8220;Este proyecto de ley que ya lo present\u00e9 ya se encuentra en comisi\u00f3n, va a ayudar mucho a la seguridad de las personas y de los que nos cuidan&#8221;, resaltando a su vez que &#8220;ser\u00e1 la primera ley en la Argentina, ya que en ciudad de Buenos Aires se hizo por resoluci\u00f3n ministerial&#8221;.<\/p>\n\n\n\n<p>&#8220;Ser\u00e1 una herramienta m\u00e1s para poder actuar, porque muchas veces nuestras fuerzas no act\u00faan por temor a perder su trabajo; es una herramienta m\u00e1s que queremos brindarles a los que nos cuidan&#8221;, argument\u00f3 Blasco.<\/p>\n\n\n\n<p><strong>&#8220;Reformas para que el pa\u00eds salga adelante&#8221;<\/strong><\/p>\n\n\n\n<p>Por otra parte, el diputado Ernesto Blasco tambi\u00e9n hizo un an\u00e1lisis sobre lo que ocurre a nivel nacional, en cuanto a las reformas que se buscan tener &#8220;para que el pa\u00eds salga adelante y eso tiene que partir de la Naci\u00f3n con una Reforma Laboral y Reforma Impositiva; las bases que se pueden asentar en el pacto del 25 de Mayo en C\u00f3rboba va a ser importante para el futuro de los argentinos, esperemos que se logren los consensos necesarios&#8221;.<\/p>\n\n\n\n<p><strong>Mauricio Macri; l\u00edder y creador del PRO<\/strong><\/p>\n\n\n\n<p>Finalmente, el diputado del interbloque &#8220;Juntos por el Cambio&#8221;, quien a su vez es presidente del PRO Chaco, hizo referencia a la reuni\u00f3n que se llev\u00f3 adelante en Rosario junto a los dem\u00e1s presidentes del PRO de las distintas provincias argentinas que trabajan en la unidad y en nombrar a Mauricio Macri como presidente del Pro Nacional, en el cual Blasco form\u00f3 parte de esta convocatoria.<\/p>\n\n\n\n<p>&#8220;Estamos en la etapa de renovaci\u00f3n en el orden del partido, donde hemos sido testigos de estos cuatro a\u00f1os donde Patricia Bulrich era la presidenta, teniendo una interna y realmente no nos dej\u00f3 bien parado como partido&#8221;, puntualiz\u00f3.<\/p>\n\n\n\n<p>Asimismo, precis\u00f3 que &#8220;nosotros consideramos que hoy el PRO no est\u00e1 para m\u00e1s internas, necesitamos reencauzar un partido joven, que lleva 20 a\u00f1os en Capital y diez a\u00f1os distribuidos en todo el pa\u00eds, teniendo su presidente en todas las provincias y nos hemos reunido con el presidente Mauricio Macri y todos hemos coincidido que solamente la figura de nuestro l\u00edder y creador del PRO tiene que ser el presidente del PRO Nacional&#8221;.<\/p>\n\n\n\n<p>En este sentido, analiz\u00f3 fr\u00edamente que esta decisi\u00f3n &#8220;nos puede hacer muy bien para apoyar al Gobierno actual, sobre todo en la C\u00e1mara de Diputados, para que se puedan conseguir las reformas necesarias que necesita el pa\u00eds&#8221;.<\/p>\n\n\n\n<p>&#8220;Estamos trabajando para la presentaci\u00f3n de una \u00fanica lista y todo lo que requiere el proceso y los avales, por lo que en junio estar\u00edan en condiciones para asumir Mauricio Macri como presidente del PRO Nacional&#8221;, finaliz\u00f3 el diputado provincial chaque\u00f1o, Ernesto Blasco.<\/p>\n\n\n\n<figure class=\"wp-block-image size-full\"><img loading=\"lazy\" decoding=\"async\" width=\"223\" height=\"226\" src=\"https:\/\/lalupa24.com.ar\/wp-content\/uploads\/2024\/03\/blasco-1.jpg\" alt=\"\" class=\"wp-image-570\" srcset=\"https:\/\/lalupa24.com.ar\/wp-content\/uploads\/2024\/03\/blasco-1.jpg 223w, https:\/\/lalupa24.com.ar\/wp-content\/uploads\/2024\/03\/blasco-1-150x152.jpg 150w\" sizes=\"auto, (max-width: 223px) 100vw, 223px\" \/><\/figure>\n","protected":false},"excerpt":{"rendered":"<p>El legislador del bloque PRO propone a Mauricio Macri como presidente del \u00a0partido. El diputado provincial y presidente del PRO Chaco, Ernesto Blasco, realiz\u00f3 un an\u00e1lisis de la actualidad provincial, nacional y su actividad legislativa, adem\u00e1s de hacer referencia a la reuni\u00f3n que se llev\u00f3 adelante en Rosario junto a los dem\u00e1s presidentes de las [&hellip;]<\/p>\n","protected":false},"author":2,"featured_media":568,"comment_status":"open","ping_status":"open","sticky":false,"template":"","format":"standard","meta":{"footnotes":""},"categories":[28],"tags":[103],"class_list":{"0":"post-567","1":"post","2":"type-post","3":"status-publish","4":"format-standard","5":"has-post-thumbnail","7":"category-locales","8":"tag-mauricio-macri"},"aioseo_notices":[],"_links":{"self":[{"href":"https:\/\/lalupa24.com.ar\/index.php\/wp-json\/wp\/v2\/posts\/567","targetHints":{"allow":["GET"]}}],"collection":[{"href":"https:\/\/lalupa24.com.ar\/index.php\/wp-json\/wp\/v2\/posts"}],"about":[{"href":"https:\/\/lalupa24.com.ar\/index.php\/wp-json\/wp\/v2\/types\/post"}],"author":[{"embeddable":true,"href":"https:\/\/lalupa24.com.ar\/index.php\/wp-json\/wp\/v2\/users\/2"}],"replies":[{"embeddable":true,"href":"https:\/\/lalupa24.com.ar\/index.php\/wp-json\/wp\/v2\/comments?post=567"}],"version-history":[{"count":1,"href":"https:\/\/lalupa24.com.ar\/index.php\/wp-json\/wp\/v2\/posts\/567\/revisions"}],"predecessor-version":[{"id":571,"href":"https:\/\/lalupa24.com.ar\/index.php\/wp-json\/wp\/v2\/posts\/567\/revisions\/571"}],"wp:featuredmedia":[{"embeddable":true,"href":"https:\/\/lalupa24.com.ar\/index.php\/wp-json\/wp\/v2\/media\/568"}],"wp:attachment":[{"href":"https:\/\/lalupa24.com.ar\/index.php\/wp-json\/wp\/v2\/media?parent=567"}],"wp:term":[{"taxonomy":"category","embeddable":true,"href":"https:\/\/lalupa24.com.ar\/index.php\/wp-json\/wp\/v2\/categories?post=567"},{"taxonomy":"post_tag","embeddable":true,"href":"https:\/\/lalupa24.com.ar\/index.php\/wp-json\/wp\/v2\/tags?post=567"}],"curies":[{"name":"wp","href":"https:\/\/api.w.org\/{rel}","templated":true}]}}