{"id":5673,"date":"2025-04-12T13:29:00","date_gmt":"2025-04-12T16:29:00","guid":{"rendered":"https:\/\/lalupa24.com.ar\/?p=5673"},"modified":"2025-04-13T01:32:09","modified_gmt":"2025-04-13T04:32:09","slug":"zdero-llevo-a-barranqueras-el-mensaje-de-orden-y-transparencia","status":"publish","type":"post","link":"https:\/\/lalupa24.com.ar\/index.php\/2025\/04\/12\/zdero-llevo-a-barranqueras-el-mensaje-de-orden-y-transparencia\/","title":{"rendered":"Zdero llev\u00f3 a barranqueras el mensaje de orden y transparencia"},"content":{"rendered":"\n<p><br><\/p>\n\n\n\n<p><em>El gobernador Leandro Zdero, junto a los candidatos a diputados provinciales por \u201cChaco Puede + La Libertad Avanza\u201d, llev\u00f3 hoy la propuesta de cambio, orden y transparencia a la ciudad de Barranqueras. En la oportunidad, el primer mandatario provincial habl\u00f3 en el Club Don Orione y se\u00f1al\u00f3 la importancia de lograr mayor\u00eda en la C\u00e1mara de Diputados para poder seguir transformando al Chaco.<\/em><\/p>\n\n\n\n<p><em>QUEREMOS UN CHACO QUE NO SE CONFORME<\/em><br>\u201cQuiero una provincia donde nuestros j\u00f3venes aspiren a un futuro pr\u00f3spero, una mam\u00e1, un pap\u00e1 o un abuelo sue\u00f1a que sus hijos tengan un futuro mejor al que nosotros tuvimos. Claramente eso es posible, pero es dif\u00edcil emprender el camino de un futuro cierto si no es con orden\u201d, dijo Zdero.<br>En ese sentido, remarc\u00f3 que no solamente se trata de orden en la sociedad, sino tambi\u00e9n que el orden tiene que estar presente en el Estado, en lo p\u00fablico, en las calles. \u201cEso le da a la gente certidumbre, le da perspectiva de un norte que nos gu\u00eda absolutamente en las acciones que pretendemos\u201d, precis\u00f3.<br>\u201cQueremos un Chaco que no se conforme, sino un Chaco que se transforme. Sue\u00f1o que la provincia deje de conformarse solamente con lo que recibe o nos ingresa de Buenos Aires, tenemos que pensar en una provincia que d\u00e9 un poco m\u00e1s de lo que somos, que genere otros recursos para despu\u00e9s de este orden tener trabajo, empleo, desarrollo y crecimiento\u201d, asever\u00f3 el Gobernador.<\/p>\n\n\n\n<p>Zdero remarc\u00f3 que el orden solo es posible con un plan, y destac\u00f3 que desde el 10 de diciembre de 2023 su gesti\u00f3n logr\u00f3 abastecer de medicamentos e insumos a los hospitales, incorporar cerca de 60 ambulancias al sistema sanitario, poner fin a los cortes y piquetes que afectaban la vida diaria de los chaque\u00f1os y avanzar en el fortalecimiento de la seguridad.<br>Adem\u00e1s, enfatiz\u00f3 que pese a los cambios notorios que realiz\u00f3 el Gobierno provincial todav\u00eda existen aquellos que \u201cponen palos en la rueda permanentemente\u201d. \u201cPalos que perjudican no a un gobernador, sino a los chaque\u00f1os. Por eso estamos seguros de que esta propuesta que estamos haciendo tiene que ver con una alianza que a la gente del Chaco le conviene, una alianza que suma a diferentes sectores pol\u00edticos y abrazan la idea de un Chaco de oportunidades para todos\u201d, indic\u00f3.<\/p>\n\n\n\n<p>Para concluir, coment\u00f3. \u201cEstamos convencidos que tenemos que dar vuelta de p\u00e1gina, esa vuelta de p\u00e1gina que nos permita ver hacia adelante ese futuro de oportunidades, ese futuro que a los chaque\u00f1os seguramente nos va a ir mejor siempre y cuando desde la Legislatura tengamos el acompa\u00f1amiento necesario\u201d.<\/p>\n\n\n\n<p><em>JULIO FERRO: \u201cEN NUESTRA LISTA NO HAY CANDIDATOS IMPUTADOS\u201d<\/em><\/p>\n\n\n\n<p>El primer candidato a diputado provincial por \u201cChaco Puede + La Libertad Avanza\u201d, Julio Ferro, enfatiz\u00f3 que este 11 de mayo hay dos modelos para elegir. \u201cEstuve haciendo c\u00e1lculos, gente que fue exgobernador de la provincia, exsenador, exjefe de Gabinete, exsubsecretario del Ministerio de Desarrollo en la \u00e9poca de Menem, fue asesor del Banco de Formosa, entre otros cargos. Por otro lado, tambi\u00e9n gente que dice que es la renovaci\u00f3n\u201d.<br>De esa manera, Ferro apunt\u00f3 contra las listas opositoras al Gobierno, que se presentan como la renovaci\u00f3n o aseguran tener las soluciones para los chaque\u00f1os, pero llevan d\u00e9cadas ocupando cargos en el Estado \u201cEntre Capitanich, la otra lista y la otra lista, suman 100 a\u00f1os en cargos p\u00fablicos, no cambiaron la realidad de la provincia y no lo van a hacer ahora\u201d, puntualiz\u00f3.<br>Y se diferenci\u00f3: \u201cNosotros vamos con una lista que tiene ficha limpia, tenemos una lista en la que no hay imputados, en la que hay personas que quieren trabajar, hay personas de bien\u201d.<br>\u201cEste 11 de mayo tenemos que tener mayor\u00eda legislativa en la C\u00e1mara de Diputados, necesitamos darle gobernabilidad a un gobernador que termin\u00f3 con la mafia piquetera, que termin\u00f3 con los intermediarios, darle la oportunidad de que siga transformando la provincia del Chaco\u201d, finaliz\u00f3.<\/p>\n\n\n\n<p><em>JUAN CHAUSSIVERT: \u201cNINGUNO DE NOSOTROS VIENE A ETERNIZARSE EN UN CARGO\u201d<\/em><br>Juan Chaussivert, candidato a diputado provincial por \u201cChaco Puede + La Libertad Avanza\u201d y oriundo de la localidad de Barranqueras, expres\u00f3 su agradecimiento al Gobernador por la confianza depositada al incluirlo como parte de la propuesta electoral.<br>\u201cTenemos una gran oportunidad de seguir dando pasos para adelante, tenemos un gobernador que tiene la sensibilidad, tambi\u00e9n tiene el car\u00e1cter y tiene la decisi\u00f3n pol\u00edtica, en principio de ordenar el Chaco como lo ha hecho. Todos podemos ver que nos estamos transformando poco a poco en una provincia normal\u201d, asegur\u00f3.<br>Del mismo modo, dijo: \u201cEl Gobernador ha encontrado la provincia tirada en el piso y la ha levantado, la ha organizado y principalmente ha hablado con la verdad y con respeto hacia todos ustedes. Tenemos un gran Gobernador, una muy buena persona y una lista de candidatos que son uno mejor que el otro, que nadie viene por una reelecci\u00f3n y que ninguno va a eternizarse en un cargo\u201d.<\/p>\n","protected":false},"excerpt":{"rendered":"<p>El gobernador Leandro Zdero, junto a los candidatos a diputados provinciales por \u201cChaco Puede + La Libertad Avanza\u201d, llev\u00f3 hoy la propuesta de cambio, orden y transparencia a la ciudad de Barranqueras. En la oportunidad, el primer mandatario provincial habl\u00f3 en el Club Don Orione y se\u00f1al\u00f3 la importancia de lograr mayor\u00eda en la C\u00e1mara [&hellip;]<\/p>\n","protected":false},"author":2,"featured_media":5674,"comment_status":"open","ping_status":"open","sticky":false,"template":"","format":"standard","meta":{"footnotes":""},"categories":[28],"tags":[],"class_list":{"0":"post-5673","1":"post","2":"type-post","3":"status-publish","4":"format-standard","5":"has-post-thumbnail","7":"category-locales"},"aioseo_notices":[],"_links":{"self":[{"href":"https:\/\/lalupa24.com.ar\/index.php\/wp-json\/wp\/v2\/posts\/5673","targetHints":{"allow":["GET"]}}],"collection":[{"href":"https:\/\/lalupa24.com.ar\/index.php\/wp-json\/wp\/v2\/posts"}],"about":[{"href":"https:\/\/lalupa24.com.ar\/index.php\/wp-json\/wp\/v2\/types\/post"}],"author":[{"embeddable":true,"href":"https:\/\/lalupa24.com.ar\/index.php\/wp-json\/wp\/v2\/users\/2"}],"replies":[{"embeddable":true,"href":"https:\/\/lalupa24.com.ar\/index.php\/wp-json\/wp\/v2\/comments?post=5673"}],"version-history":[{"count":1,"href":"https:\/\/lalupa24.com.ar\/index.php\/wp-json\/wp\/v2\/posts\/5673\/revisions"}],"predecessor-version":[{"id":5675,"href":"https:\/\/lalupa24.com.ar\/index.php\/wp-json\/wp\/v2\/posts\/5673\/revisions\/5675"}],"wp:featuredmedia":[{"embeddable":true,"href":"https:\/\/lalupa24.com.ar\/index.php\/wp-json\/wp\/v2\/media\/5674"}],"wp:attachment":[{"href":"https:\/\/lalupa24.com.ar\/index.php\/wp-json\/wp\/v2\/media?parent=5673"}],"wp:term":[{"taxonomy":"category","embeddable":true,"href":"https:\/\/lalupa24.com.ar\/index.php\/wp-json\/wp\/v2\/categories?post=5673"},{"taxonomy":"post_tag","embeddable":true,"href":"https:\/\/lalupa24.com.ar\/index.php\/wp-json\/wp\/v2\/tags?post=5673"}],"curies":[{"name":"wp","href":"https:\/\/api.w.org\/{rel}","templated":true}]}}