{"id":5680,"date":"2025-04-15T09:25:43","date_gmt":"2025-04-15T12:25:43","guid":{"rendered":"https:\/\/lalupa24.com.ar\/?p=5680"},"modified":"2025-04-15T09:25:44","modified_gmt":"2025-04-15T12:25:44","slug":"la-cgt-preve-mas-ajuste-paritarias-planchadas-y-otra-reforma-laboral-por-el-nuevo-escenario-economico","status":"publish","type":"post","link":"https:\/\/lalupa24.com.ar\/index.php\/2025\/04\/15\/la-cgt-preve-mas-ajuste-paritarias-planchadas-y-otra-reforma-laboral-por-el-nuevo-escenario-economico\/","title":{"rendered":"La CGT prev\u00e9 m\u00e1s ajuste, paritarias \u201cplanchadas\u201d y otra reforma laboral por el nuevo escenario econ\u00f3mico"},"content":{"rendered":"\n<h3 class=\"wp-block-heading\">\ud83d\udca5 <strong>Tensi\u00f3n entre la CGT y el Gobierno de Milei: se avecinan protestas y reclamos salariales<\/strong><\/h3>\n\n\n\n<p>La <strong>Confederaci\u00f3n General del Trabajo (CGT)<\/strong> se prepara para enfrentar el nuevo escenario econ\u00f3mico tras el acuerdo con el FMI y las \u00faltimas medidas anunciadas por <strong>Javier Milei<\/strong>. Este <strong>lunes por la tarde<\/strong> se re\u00fane el Consejo Directivo de la central sindical para debatir la situaci\u00f3n y <strong>avanzar en la organizaci\u00f3n de una marcha para el 1\u00b0 de mayo<\/strong>, en rechazo al rumbo econ\u00f3mico.<\/p>\n\n\n\n<hr class=\"wp-block-separator has-alpha-channel-opacity\"\/>\n\n\n\n<h3 class=\"wp-block-heading\">\u26a0\ufe0f <strong>Principales preocupaciones de la CGT<\/strong><\/h3>\n\n\n\n<ul class=\"wp-block-list\">\n<li><strong>Ajuste econ\u00f3mico m\u00e1s profundo<\/strong><\/li>\n\n\n\n<li><strong>Reforma laboral y previsional en carpeta<\/strong><\/li>\n\n\n\n<li><strong>Presi\u00f3n del Gobierno para limitar las paritarias<\/strong><\/li>\n\n\n\n<li><strong>Suba de precios y deterioro del poder adquisitivo<\/strong><\/li>\n<\/ul>\n\n\n\n<hr class=\"wp-block-separator has-alpha-channel-opacity\"\/>\n\n\n\n<h3 class=\"wp-block-heading\">\ud83d\udcac <strong>Cr\u00edticas de los dirigentes sindicales<\/strong><\/h3>\n\n\n\n<ul class=\"wp-block-list\">\n<li><strong>Gerardo Mart\u00ednez (UOCRA):<\/strong> &#8220;El plan de Milei se derrumb\u00f3. Se suma un mayor endeudamiento del pueblo argentino&#8221;.<\/li>\n\n\n\n<li><strong>Armando Cavalieri (Comercio):<\/strong> \u201cEl Gobierno pone el precio del salario. Los precios est\u00e1n dolarizados y los salarios en pesos\u201d.<\/li>\n<\/ul>\n\n\n\n<p>Ambos alertaron por el aumento constante en supermercados y la ca\u00edda de las condiciones salariales.<\/p>\n\n\n\n<hr class=\"wp-block-separator has-alpha-channel-opacity\"\/>\n\n\n\n<h3 class=\"wp-block-heading\">\ud83d\udcc9 <strong>Datos que preocupan<\/strong><\/h3>\n\n\n\n<ul class=\"wp-block-list\">\n<li><strong>Inflaci\u00f3n de marzo:<\/strong> 3,7% (m\u00e1s alta de lo esperado)<\/li>\n\n\n\n<li><strong>Inflaci\u00f3n acumulada 2025:<\/strong> 8,6%<\/li>\n\n\n\n<li><strong>Interanual:<\/strong> 55,9%<\/li>\n<\/ul>\n\n\n\n<p>Estos n\u00fameros generan <strong>presi\u00f3n para revisar paritarias<\/strong>, ya que muchas se firmaron bajo proyecciones m\u00e1s optimistas impuestas por el Ministerio de Econom\u00eda, que <strong>condiciona la homologaci\u00f3n de acuerdos \u201cpor encima del techo\u201d<\/strong>.<\/p>\n\n\n\n<hr class=\"wp-block-separator has-alpha-channel-opacity\"\/>\n\n\n\n<h3 class=\"wp-block-heading\">\ud83d\uded1 <strong>Paritarias \u201cplanchadas\u201d y reforma laboral en debate<\/strong><\/h3>\n\n\n\n<ul class=\"wp-block-list\">\n<li>La CGT denuncia que <strong>la Secretar\u00eda de Trabajo busca frenar subas salariales<\/strong>.<\/li>\n\n\n\n<li>Hay alarma por el posible avance del proyecto de reforma laboral, disfrazado bajo el t\u00e9rmino de \u201cmodernizaci\u00f3n\u201d.<\/li>\n\n\n\n<li>El gremialismo se opone especialmente al proyecto de <strong>Promoci\u00f3n de Inversiones y Empleo<\/strong> de La Libertad Avanza, que rescata puntos del <strong>DNU 70\/2023<\/strong> frenado por la Justicia.<\/li>\n<\/ul>\n\n\n\n<hr class=\"wp-block-separator has-alpha-channel-opacity\"\/>\n\n\n\n<h3 class=\"wp-block-heading\">\ud83e\udea7 <strong>Pr\u00f3ximos pasos<\/strong><\/h3>\n\n\n\n<ul class=\"wp-block-list\">\n<li><strong>Marcha de la CGT el 1\u00b0 de mayo<\/strong> en rechazo al rumbo econ\u00f3mico.<\/li>\n\n\n\n<li>Posible elaboraci\u00f3n de un <strong>documento cr\u00edtico<\/strong> hacia el Gobierno durante la reuni\u00f3n de hoy.<\/li>\n\n\n\n<li>Advertencia de futuras <strong>movilizaciones o paros<\/strong> si avanza la reforma laboral.<\/li>\n<\/ul>\n","protected":false},"excerpt":{"rendered":"<p>\ud83d\udca5 Tensi\u00f3n entre la CGT y el Gobierno de Milei: se avecinan protestas y reclamos salariales La Confederaci\u00f3n General del Trabajo (CGT) se prepara para enfrentar el nuevo escenario econ\u00f3mico tras el acuerdo con el FMI y las \u00faltimas medidas anunciadas por Javier Milei. Este lunes por la tarde se re\u00fane el Consejo Directivo de [&hellip;]<\/p>\n","protected":false},"author":2,"featured_media":5681,"comment_status":"open","ping_status":"open","sticky":false,"template":"","format":"standard","meta":{"footnotes":""},"categories":[26],"tags":[],"class_list":{"0":"post-5680","1":"post","2":"type-post","3":"status-publish","4":"format-standard","5":"has-post-thumbnail","7":"category-nacionales"},"aioseo_notices":[],"_links":{"self":[{"href":"https:\/\/lalupa24.com.ar\/index.php\/wp-json\/wp\/v2\/posts\/5680","targetHints":{"allow":["GET"]}}],"collection":[{"href":"https:\/\/lalupa24.com.ar\/index.php\/wp-json\/wp\/v2\/posts"}],"about":[{"href":"https:\/\/lalupa24.com.ar\/index.php\/wp-json\/wp\/v2\/types\/post"}],"author":[{"embeddable":true,"href":"https:\/\/lalupa24.com.ar\/index.php\/wp-json\/wp\/v2\/users\/2"}],"replies":[{"embeddable":true,"href":"https:\/\/lalupa24.com.ar\/index.php\/wp-json\/wp\/v2\/comments?post=5680"}],"version-history":[{"count":1,"href":"https:\/\/lalupa24.com.ar\/index.php\/wp-json\/wp\/v2\/posts\/5680\/revisions"}],"predecessor-version":[{"id":5682,"href":"https:\/\/lalupa24.com.ar\/index.php\/wp-json\/wp\/v2\/posts\/5680\/revisions\/5682"}],"wp:featuredmedia":[{"embeddable":true,"href":"https:\/\/lalupa24.com.ar\/index.php\/wp-json\/wp\/v2\/media\/5681"}],"wp:attachment":[{"href":"https:\/\/lalupa24.com.ar\/index.php\/wp-json\/wp\/v2\/media?parent=5680"}],"wp:term":[{"taxonomy":"category","embeddable":true,"href":"https:\/\/lalupa24.com.ar\/index.php\/wp-json\/wp\/v2\/categories?post=5680"},{"taxonomy":"post_tag","embeddable":true,"href":"https:\/\/lalupa24.com.ar\/index.php\/wp-json\/wp\/v2\/tags?post=5680"}],"curies":[{"name":"wp","href":"https:\/\/api.w.org\/{rel}","templated":true}]}}