{"id":5683,"date":"2025-04-15T09:27:02","date_gmt":"2025-04-15T12:27:02","guid":{"rendered":"https:\/\/lalupa24.com.ar\/?p=5683"},"modified":"2025-04-15T09:27:04","modified_gmt":"2025-04-15T12:27:04","slug":"el-dilema-de-los-armados-que-atraviesa-al-gobierno-la-critica-por-santa-fe-y-el-ojo-puesto-en-ganarle-al-pro","status":"publish","type":"post","link":"https:\/\/lalupa24.com.ar\/index.php\/2025\/04\/15\/el-dilema-de-los-armados-que-atraviesa-al-gobierno-la-critica-por-santa-fe-y-el-ojo-puesto-en-ganarle-al-pro\/","title":{"rendered":"El dilema de los armados que atraviesa al Gobierno: la cr\u00edtica por Santa Fe y el ojo puesto en ganarle al PRO"},"content":{"rendered":"\n<h3 class=\"wp-block-heading\">\ud83d\uddf3\ufe0f <strong>Primera prueba provincial para La Libertad Avanza: flojo resultado en Santa Fe<\/strong><\/h3>\n\n\n\n<p><strong>La Libertad Avanza<\/strong>, el partido de <strong>Javier Milei<\/strong>, enfrent\u00f3 su <strong>primera elecci\u00f3n provincial del a\u00f1o<\/strong> en Santa Fe para elegir convencionales constituyentes. El resultado fue <strong>modesto<\/strong>:<\/p>\n\n\n\n<ul class=\"wp-block-list\">\n<li>\ud83d\udcc9 <strong>14,1% de los votos<\/strong>, quedando <strong>terceros<\/strong>, lejos del oficialismo liderado por <strong>Maximiliano Pullaro<\/strong> y tambi\u00e9n por detr\u00e1s del peronismo local.<\/li>\n<\/ul>\n\n\n\n<hr class=\"wp-block-separator has-alpha-channel-opacity\"\/>\n\n\n\n<h3 class=\"wp-block-heading\">\u26a0\ufe0f <strong>Internas libertarias: reproches por la estrategia<\/strong><\/h3>\n\n\n\n<ul class=\"wp-block-list\">\n<li>El candidato de LLA, <strong>Nicol\u00e1s Mayoraz<\/strong>, fue considerado por sectores del propio partido como un perfil <strong>&#8220;d\u00e9bil&#8221;<\/strong>.<\/li>\n\n\n\n<li>Cr\u00edticas al armado liderado por <strong>Eduardo \u201cLule\u201d Menem<\/strong> y <strong>Romina Diez<\/strong>, de m\u00e1xima confianza de <strong>Karina Milei<\/strong>.<\/li>\n\n\n\n<li>Algunos sectores ped\u00edan <strong>alianzas<\/strong>, como con <strong>Amalia Granata<\/strong>, que qued\u00f3 muy cerca de superar a LLA sola.<\/li>\n<\/ul>\n\n\n\n<p>\ud83d\udde3\ufe0f \u201cEra evidente que no conven\u00eda competir solos\u201d, dijo una fuente cr\u00edtica cercana a <strong>Santiago Caputo<\/strong>, quien hab\u00eda propuesto enfocarse solo en elecciones nacionales.<\/p>\n\n\n\n<hr class=\"wp-block-separator has-alpha-channel-opacity\"\/>\n\n\n\n<h3 class=\"wp-block-heading\">\ud83c\udf1f <strong>Lo rescatable para LLA<\/strong><\/h3>\n\n\n\n<ul class=\"wp-block-list\">\n<li><strong>Juan Pedro Aleart<\/strong>, periodista, gan\u00f3 en Rosario con m\u00e1s del <strong>31%<\/strong> y suena como <strong>posible candidato a diputado nacional<\/strong>.<\/li>\n\n\n\n<li><strong>Eugenia Rol\u00f3n<\/strong> logr\u00f3 un <strong>21% en San Lorenzo<\/strong>, otra plaza relevante.<\/li>\n<\/ul>\n\n\n\n<hr class=\"wp-block-separator has-alpha-channel-opacity\"\/>\n\n\n\n<h3 class=\"wp-block-heading\">\ud83e\udded <strong>La estrategia hacia adelante<\/strong><\/h3>\n\n\n\n<ul class=\"wp-block-list\">\n<li>Hay diferencias internas sobre c\u00f3mo encarar las pr\u00f3ximas elecciones:\n<ul class=\"wp-block-list\">\n<li>El sector <strong>Caputo<\/strong> prioriza lo nacional y las grandes plazas.<\/li>\n\n\n\n<li>El sector <strong>\u201cLule\u201d Menem\u2013Karina Milei<\/strong> quiere armar en todas las provincias.<\/li>\n<\/ul>\n<\/li>\n\n\n\n<li>Todos coinciden en un punto: <strong>no deben enojar a Karina<\/strong>, considerada \u201cla principal accionista del Gobierno\u201d.<\/li>\n<\/ul>\n\n\n\n<hr class=\"wp-block-separator has-alpha-channel-opacity\"\/>\n\n\n\n<h3 class=\"wp-block-heading\">\ud83d\udd1c <strong>Pr\u00f3ximos movimientos<\/strong><\/h3>\n\n\n\n<ul class=\"wp-block-list\">\n<li><strong>Karina Milei<\/strong> sigue su recorrido nacional; esta semana estar\u00e1 en <strong>Tucum\u00e1n<\/strong> para reforzar el armado junto a <strong>Mart\u00edn Menem<\/strong>.<\/li>\n\n\n\n<li>La \u00fanica alianza confirmada hasta ahora es con el gobernador de <strong>Chaco, Leandro Zdero<\/strong>, de cara a las elecciones del <strong>11 de mayo<\/strong>.<\/li>\n\n\n\n<li>LLA <strong>no competir\u00e1 con alianzas<\/strong> en <strong>Jujuy, Salta ni San Luis<\/strong>, que tambi\u00e9n votan ese d\u00eda.<\/li>\n<\/ul>\n\n\n\n<hr class=\"wp-block-separator has-alpha-channel-opacity\"\/>\n\n\n\n<h3 class=\"wp-block-heading\">\ud83c\udfaf <strong>Objetivo clave: Ciudad de Buenos Aires<\/strong><\/h3>\n\n\n\n<ul class=\"wp-block-list\">\n<li>La prioridad de Milei est\u00e1 en la elecci\u00f3n del <strong>18 de mayo en CABA<\/strong>.<\/li>\n\n\n\n<li>Busca superar al <strong>PRO<\/strong> para atraer dirigentes como <strong>Santilli<\/strong> o <strong>Ritondo<\/strong>.<\/li>\n\n\n\n<li>El Presidente grab\u00f3 un spot junto a <strong>Manuel Adorni<\/strong>, su candidato, y se meter\u00e1 de lleno en la campa\u00f1a capitalina a fines de abril.<\/li>\n<\/ul>\n","protected":false},"excerpt":{"rendered":"<p>\ud83d\uddf3\ufe0f Primera prueba provincial para La Libertad Avanza: flojo resultado en Santa Fe La Libertad Avanza, el partido de Javier Milei, enfrent\u00f3 su primera elecci\u00f3n provincial del a\u00f1o en Santa Fe para elegir convencionales constituyentes. El resultado fue modesto: \u26a0\ufe0f Internas libertarias: reproches por la estrategia \ud83d\udde3\ufe0f \u201cEra evidente que no conven\u00eda competir solos\u201d, dijo [&hellip;]<\/p>\n","protected":false},"author":2,"featured_media":5684,"comment_status":"open","ping_status":"open","sticky":false,"template":"","format":"standard","meta":{"footnotes":""},"categories":[26],"tags":[],"class_list":{"0":"post-5683","1":"post","2":"type-post","3":"status-publish","4":"format-standard","5":"has-post-thumbnail","7":"category-nacionales"},"aioseo_notices":[],"_links":{"self":[{"href":"https:\/\/lalupa24.com.ar\/index.php\/wp-json\/wp\/v2\/posts\/5683","targetHints":{"allow":["GET"]}}],"collection":[{"href":"https:\/\/lalupa24.com.ar\/index.php\/wp-json\/wp\/v2\/posts"}],"about":[{"href":"https:\/\/lalupa24.com.ar\/index.php\/wp-json\/wp\/v2\/types\/post"}],"author":[{"embeddable":true,"href":"https:\/\/lalupa24.com.ar\/index.php\/wp-json\/wp\/v2\/users\/2"}],"replies":[{"embeddable":true,"href":"https:\/\/lalupa24.com.ar\/index.php\/wp-json\/wp\/v2\/comments?post=5683"}],"version-history":[{"count":1,"href":"https:\/\/lalupa24.com.ar\/index.php\/wp-json\/wp\/v2\/posts\/5683\/revisions"}],"predecessor-version":[{"id":5685,"href":"https:\/\/lalupa24.com.ar\/index.php\/wp-json\/wp\/v2\/posts\/5683\/revisions\/5685"}],"wp:featuredmedia":[{"embeddable":true,"href":"https:\/\/lalupa24.com.ar\/index.php\/wp-json\/wp\/v2\/media\/5684"}],"wp:attachment":[{"href":"https:\/\/lalupa24.com.ar\/index.php\/wp-json\/wp\/v2\/media?parent=5683"}],"wp:term":[{"taxonomy":"category","embeddable":true,"href":"https:\/\/lalupa24.com.ar\/index.php\/wp-json\/wp\/v2\/categories?post=5683"},{"taxonomy":"post_tag","embeddable":true,"href":"https:\/\/lalupa24.com.ar\/index.php\/wp-json\/wp\/v2\/tags?post=5683"}],"curies":[{"name":"wp","href":"https:\/\/api.w.org\/{rel}","templated":true}]}}