{"id":5707,"date":"2025-04-15T09:51:16","date_gmt":"2025-04-15T12:51:16","guid":{"rendered":"https:\/\/lalupa24.com.ar\/?p=5707"},"modified":"2025-04-15T09:51:18","modified_gmt":"2025-04-15T12:51:18","slug":"milei-acuso-a-los-macri-de-una-traicion-por-la-espalda-para-cuidar-los-negocios-en-la-ciudad-de-buenos-aires","status":"publish","type":"post","link":"https:\/\/lalupa24.com.ar\/index.php\/2025\/04\/15\/milei-acuso-a-los-macri-de-una-traicion-por-la-espalda-para-cuidar-los-negocios-en-la-ciudad-de-buenos-aires\/","title":{"rendered":"Milei acus\u00f3 a los Macri de una traici\u00f3n por la espalda para \u201ccuidar los negocios\u201d en la Ciudad de Buenos Aires"},"content":{"rendered":"\n<p>El presidente de la Naci\u00f3n, <strong>Javier Milei<\/strong>, expres\u00f3 duras cr\u00edticas hacia el ex presidente <strong>Mauricio Macri<\/strong> y el jefe de Gobierno de la Ciudad de Buenos Aires, <strong>Jorge Macri<\/strong>, durante un evento este mediod\u00eda. En una intervenci\u00f3n que gener\u00f3 repercusiones, Milei cuestion\u00f3 la estrategia pol\u00edtica adoptada en la Ciudad, donde la coalici\u00f3n de <strong>Libertad Avanza (LLA)<\/strong> hab\u00eda buscado inicialmente un entendimiento con el PRO para competir juntos contra el kirchnerismo, pero que, seg\u00fan Milei, se vio frustrado por las decisiones del PRO.<\/p>\n\n\n\n<h3 class=\"wp-block-heading\"><strong>Las cr\u00edticas de Milei a los Macri<\/strong><\/h3>\n\n\n\n<p>Milei no escatim\u00f3 en cr\u00edticas, asegurando que <strong>Jorge Macri<\/strong> deshizo cualquier posibilidad de acuerdo al <strong>desdoblar las elecciones<\/strong> en la Ciudad, una decisi\u00f3n que, para el presidente, rompi\u00f3 la posibilidad de un frente com\u00fan contra el kirchnerismo. Tambi\u00e9n acus\u00f3 a los primos Macri de querer &#8220;proteger sus negocios&#8221; en la Ciudad de Buenos Aires y afirm\u00f3 que, al respecto, el PRO no mostr\u00f3 <strong>voluntad de cambio<\/strong>.<\/p>\n\n\n\n<p>Entre las acusaciones, Milei destac\u00f3 el hecho de que el PRO hab\u00eda <strong>demonizado<\/strong> a su hermana, <strong>Karina Milei<\/strong>, quien es la <strong>secretaria General de la Presidencia<\/strong>, y consider\u00f3 como una <strong>&#8220;traici\u00f3n por la espalda&#8221;<\/strong> la contrataci\u00f3n del asesor catal\u00e1n <strong>Anton\u00ed Guti\u00e9rrez-Rub\u00ed<\/strong>, quien hab\u00eda trabajado con <strong>Sergio Massa<\/strong> en la campa\u00f1a de 2023. Guti\u00e9rrez-Rub\u00ed, conocido analista internacional, actualmente trabaja en la campa\u00f1a del PRO para las elecciones legislativas, lo que provoc\u00f3 el malestar de Milei, quien consider\u00f3 que la contrataci\u00f3n de este asesor era una contradicci\u00f3n con las pol\u00edticas que su gobierno estaba promoviendo.<\/p>\n\n\n\n<h3 class=\"wp-block-heading\"><strong>Milei responde a las acusaciones sobre Karina Milei<\/strong><\/h3>\n\n\n\n<p>En relaci\u00f3n a la disputa en CABA, el presidente Milei respondi\u00f3 con firmeza a las cr\u00edticas que se\u00f1alaban a <strong>Karina Milei<\/strong> como una de las causantes de la falta de acuerdo. Seg\u00fan \u00e9l, el verdadero responsable del freno al entendimiento fue <strong>Jorge Macri<\/strong>. Milei tambi\u00e9n pidi\u00f3 explicaciones a <strong>Jorge Macri<\/strong> sobre por qu\u00e9 subieron los impuestos en la Ciudad, cuestion\u00f3 la <strong>mantenci\u00f3n de un Estado elefanti\u00e1sico<\/strong> y, en tono desafiante, pregunt\u00f3: \u201c\u00bfPor qu\u00e9 la Ciudad es una mugre?\u201d, refiri\u00e9ndose a la gesti\u00f3n del PRO.<\/p>\n\n\n\n<p>Milei no se limit\u00f3 a criticar a <strong>Jorge Macri<\/strong> en este tema, sino que extendi\u00f3 sus cr\u00edticas al propio <strong>Mauricio Macri<\/strong>, a quien record\u00f3 como el principal responsable de la <strong>imposici\u00f3n del cepo cambiario<\/strong> durante la gesti\u00f3n de <strong>Hern\u00e1n Lacunza<\/strong> como ministro de Econom\u00eda. Seg\u00fan Milei, ese fue un hecho que <strong>\u201cdefaulte\u00f3\u201d<\/strong> la deuda en pesos, algo que consider\u00f3 un error hist\u00f3rico y grav\u00edsimo.<\/p>\n\n\n\n<h3 class=\"wp-block-heading\"><strong>La relaci\u00f3n con el PRO: Alianza para competir en Buenos Aires<\/strong><\/h3>\n\n\n\n<p>A pesar de estas fuertes cr\u00edticas, Milei confirm\u00f3 que <strong>Libertad Avanza<\/strong> y el <strong>PRO<\/strong> competir\u00e1n <strong>juntos<\/strong> en la provincia de Buenos Aires para enfrentar al kirchnerismo. El presidente destac\u00f3 que, a pesar de las tensiones, la alianza entre los dos espacios est\u00e1 <strong>m\u00e1s firme que nunca<\/strong>, como lo demostr\u00f3 la reciente foto oficial de su hermana <strong>Karina Milei<\/strong> junto a los principales referentes del PRO en Buenos Aires, como <strong>Cristian Ritondo<\/strong> y <strong>Diego Santilli<\/strong>. Seg\u00fan Milei, esa imagen demuestra el compromiso de ambos bloques para <strong>&#8220;ganarle al kirchnerismo&#8221;<\/strong> y quitarle uno de sus principales bastiones en la provincia.<\/p>\n\n\n\n<p>Milei tambi\u00e9n dej\u00f3 claro que no ve en el futuro la posibilidad de una alianza separada con el PRO en la provincia, ya que su intenci\u00f3n es ganar <strong>\u201ctodos juntos\u201d<\/strong> y lograr una victoria decisiva en <strong>Buenos Aires<\/strong>. En sus declaraciones, enfatiz\u00f3 la importancia de no <strong>&#8220;dividir el voto&#8221;<\/strong> en un momento en que el kirchnerismo sigue siendo una fuerza pol\u00edtica poderosa en la regi\u00f3n.<\/p>\n\n\n\n<h3 class=\"wp-block-heading\"><strong>El dilema de la pol\u00edtica argentina: Fragmentaci\u00f3n vs. Unidad<\/strong><\/h3>\n\n\n\n<p>El escenario pol\u00edtico en Argentina se caracteriza por una tensi\u00f3n entre las <strong>coaliciones opositoras<\/strong> y el gobierno actual, con sectores del PRO mostrando diferencias internas sobre c\u00f3mo enfrentar al oficialismo en las urnas. A medida que se acercan las elecciones legislativas, la pregunta sobre <strong>si las fuerzas opositoras podr\u00e1n unirse<\/strong> para desafiar al kirchnerismo sigue siendo central en el debate pol\u00edtico.<\/p>\n\n\n\n<p>El gobierno de Milei enfrenta un <strong>dilema de alianzas<\/strong>: mientras algunos sectores del PRO quieren mantener su independencia, otros, como Milei, insisten en que la \u00fanica forma de vencer al kirchnerismo en la provincia de Buenos Aires es con una <strong>alianza s\u00f3lida<\/strong> y unificada.<\/p>\n\n\n\n<h3 class=\"wp-block-heading\"><strong>Conclusi\u00f3n: Tensiones y objetivos comunes<\/strong><\/h3>\n\n\n\n<p>A pesar de las tensiones internas, la relaci\u00f3n entre <strong>Libertad Avanza<\/strong> y el <strong>PRO<\/strong> sigue siendo clave para las perspectivas electorales de la oposici\u00f3n en Argentina. Las diferencias entre <strong>Javier Milei<\/strong> y los Macri pueden ser tensas, pero el <strong>objetivo com\u00fan<\/strong> de derrotar al kirchnerismo parece ser lo que finalmente prevalecer\u00e1 en las elecciones venideras, al menos en la provincia de Buenos Aires. Los pr\u00f3ximos meses prometen ser de intensa negociaci\u00f3n pol\u00edtica, con <strong>estrategias de coalici\u00f3n<\/strong> y <strong>divisiones internas<\/strong> que marcar\u00e1n el rumbo de la pol\u00edtica argentina.<\/p>\n","protected":false},"excerpt":{"rendered":"<p>El presidente de la Naci\u00f3n, Javier Milei, expres\u00f3 duras cr\u00edticas hacia el ex presidente Mauricio Macri y el jefe de Gobierno de la Ciudad de Buenos Aires, Jorge Macri, durante un evento este mediod\u00eda. En una intervenci\u00f3n que gener\u00f3 repercusiones, Milei cuestion\u00f3 la estrategia pol\u00edtica adoptada en la Ciudad, donde la coalici\u00f3n de Libertad Avanza [&hellip;]<\/p>\n","protected":false},"author":2,"featured_media":5708,"comment_status":"open","ping_status":"open","sticky":false,"template":"","format":"standard","meta":{"footnotes":""},"categories":[26],"tags":[],"class_list":{"0":"post-5707","1":"post","2":"type-post","3":"status-publish","4":"format-standard","5":"has-post-thumbnail","7":"category-nacionales"},"aioseo_notices":[],"_links":{"self":[{"href":"https:\/\/lalupa24.com.ar\/index.php\/wp-json\/wp\/v2\/posts\/5707","targetHints":{"allow":["GET"]}}],"collection":[{"href":"https:\/\/lalupa24.com.ar\/index.php\/wp-json\/wp\/v2\/posts"}],"about":[{"href":"https:\/\/lalupa24.com.ar\/index.php\/wp-json\/wp\/v2\/types\/post"}],"author":[{"embeddable":true,"href":"https:\/\/lalupa24.com.ar\/index.php\/wp-json\/wp\/v2\/users\/2"}],"replies":[{"embeddable":true,"href":"https:\/\/lalupa24.com.ar\/index.php\/wp-json\/wp\/v2\/comments?post=5707"}],"version-history":[{"count":1,"href":"https:\/\/lalupa24.com.ar\/index.php\/wp-json\/wp\/v2\/posts\/5707\/revisions"}],"predecessor-version":[{"id":5709,"href":"https:\/\/lalupa24.com.ar\/index.php\/wp-json\/wp\/v2\/posts\/5707\/revisions\/5709"}],"wp:featuredmedia":[{"embeddable":true,"href":"https:\/\/lalupa24.com.ar\/index.php\/wp-json\/wp\/v2\/media\/5708"}],"wp:attachment":[{"href":"https:\/\/lalupa24.com.ar\/index.php\/wp-json\/wp\/v2\/media?parent=5707"}],"wp:term":[{"taxonomy":"category","embeddable":true,"href":"https:\/\/lalupa24.com.ar\/index.php\/wp-json\/wp\/v2\/categories?post=5707"},{"taxonomy":"post_tag","embeddable":true,"href":"https:\/\/lalupa24.com.ar\/index.php\/wp-json\/wp\/v2\/tags?post=5707"}],"curies":[{"name":"wp","href":"https:\/\/api.w.org\/{rel}","templated":true}]}}