{"id":5717,"date":"2025-04-13T10:31:56","date_gmt":"2025-04-13T13:31:56","guid":{"rendered":"https:\/\/lalupa24.com.ar\/?p=5717"},"modified":"2025-04-15T10:33:55","modified_gmt":"2025-04-15T13:33:55","slug":"zdero-en-villa-angela-pusimos-orden-ante-tanto-desorden-que-nos-dejaron","status":"publish","type":"post","link":"https:\/\/lalupa24.com.ar\/index.php\/2025\/04\/13\/zdero-en-villa-angela-pusimos-orden-ante-tanto-desorden-que-nos-dejaron\/","title":{"rendered":"Zdero en villa angela \u201cpusimos orden ante tanto desorden qu\u00e9 nos dejaron\u201d"},"content":{"rendered":"\n<p><\/p>\n\n\n\n<p><\/p>\n\n\n\n<p>Este domingo, el gobernador Leandro Zdero, acompa\u00f1ado por los candidatos a diputados provinciales de \u201cChaco Puede + La Libertad Avanza\u201d, estuvo en Villa \u00c1ngela para escuchar de primera mano las inquietudes de los vecinos. En la oportunidad, el primer mandatario provincial tambi\u00e9n inaugur\u00f3 la nueva sede partidaria que servir\u00e1 como base de trabajo rumbo a las elecciones legislativas del pr\u00f3ximo 11 de mayo.<br>\u201cEstamos muy contentos de tener esta casa que va a servir para seguir organizando todo el trabajo que queremos para las pr\u00f3ximas elecciones del 11 de mayo. Estas instalaciones ser\u00e1n el lugar para encontrarnos y permitir que lleguemos a cada rinc\u00f3n de Villa \u00c1ngela\u201d, valor\u00f3 el Gobernador sobre la nueva sede en la localidad.<br>De ese modo, se\u00f1al\u00f3 que los pr\u00f3ximos comicios legislativos provinciales representan una oportunidad hist\u00f3rica para continuar con el proceso de transformar al Chaco. \u201cNos cost\u00f3 mucho poner orden en el desorden, en lo administrativo, en lo econ\u00f3mico y en lo financiero, hab\u00eda un despilfarro de los recursos del Estado. Nos cost\u00f3 a todos y a cada uno de los chaque\u00f1os volver a recuperar los recursos que antes se iban a unos pocos para volcarlos en la educaci\u00f3n, la salud y en la seguridad\u201d, mencion\u00f3.<\/p>\n\n\n\n<p>Zdero indic\u00f3 que tuvo que tomar decisiones concretar para que en la actualidad no existan m\u00e1s los cortes de calle, los piquetes constantes, los intermediarios o los celulares en las c\u00e1rceles. \u201cAhora necesitamos seguir corrigiendo las cosas que todav\u00eda siguen mal, pero tenemos una gran dificultad que es que durante un a\u00f1o tuvimos palos en la rueda en la Legislatura chaque\u00f1a\u201d, aclar\u00f3.<br>A su vez, el Gobernador record\u00f3 que muchos de los que en el pasado gobernaron, hoy, algunos de ellos est\u00e1n sentados en la C\u00e1mara de Diputados y ahora quieren, inclusive quien comand\u00f3 todo este andamiaje de corrupci\u00f3n en la provincia, dice que va a ir a la Legislatura\u201d.<br>\u201cPor eso nosotros presentamos esta alternativa, hicimos una alianza enorme, inclusive algunos desencantados de la pol\u00edtica que volvieron y muchos que ni siquiera tienen identificaci\u00f3n partidaria\u201d, argument\u00f3 el primer mandatario provincial y a\u00f1adi\u00f3: \u201cMientras que en frente tenemos a todos esos que est\u00e1n hace 20 o 30 a\u00f1os, que dicen que van a salvar al Chaco pero solo juegan para salvarse ellos\u201d.<\/p>\n\n\n\n<p>Para finalizar, destac\u00f3. \u201cEl Chaco se hace de chaque\u00f1os comprometidos, no de chaque\u00f1os que acumulan t\u00edtulos en cargos pol\u00edticos. El Chaco se sale adelante con gente que quiere aportar. Por eso, nuestros candidatos son los que me van a ayudar a que Villa \u00c1ngela y la provincia puedan salir adelante\u201d.<\/p>\n\n\n\n<p><em>CARINA BOTTERI DISOFF: \u201cEL GOBERNADOR SE ENCARG\u00d3 DE ORDENAR LA PROVINCIA\u201d<\/em><br>La candidata a diputada provincial por \u201cChaco Puede + La Libertad Avanza\u201d, Carina Botteri Disoff, se\u00f1al\u00f3 que antes de inaugurar la nueva sede partidaria, mantuvieron un di\u00e1logo directo con los vecinos de Villa \u00c1ngela. \u201cEs una cuesti\u00f3n que el Gobernador viene haciendo desde hace tiempo y nos invita a todos los funcionarios a estar en territorio para escuchar al vecino chaque\u00f1o y saber cu\u00e1les son sus necesidades\u201d, subray\u00f3.<br>\u201cLa lista de \u2018Chaco Puede + La Libertad Avanza\u2019 surgi\u00f3 de un pedido que le hac\u00edan los chaque\u00f1os al Gobernador, el de tener gente nueva, el de tener una lista renovada\u201d, explic\u00f3 la candidata a diputada provincial y fundament\u00f3 la importancia de lograr mayor\u00eda legislativa en la C\u00e1mara de Diputados para \u201cpoder aplicar las pol\u00edticas p\u00fablicas que el Chaco necesita para poder seguir creciendo\u201d.<br>De esa manera, consider\u00f3: \u201cSe orden\u00f3 la provincia, se terminaron los intermediarios, el avi\u00f3n sanitario se utiliza para lo que corresponde y no para pasear a los amigos del poder, se mejor\u00f3 en educaci\u00f3n, en seguridad, se abri\u00f3 la Escuela de Polic\u00eda, se mejor\u00f3 en muchos aspectos, pero todav\u00eda falta y para eso necesitamos poder legislar y darle gobernabilidad a Leandro Zdero\u201d.<\/p>\n\n\n\n<p><em>JOAQU\u00cdN GARCIA: \u201cSOMOS LA RENOVACI\u00d3N QUE TANTO PED\u00cdA LA SOCIEDA\u201d<\/em><br>El candidato a diputado provincial por \u201cChaco Puede + La Libertad Avanza\u201d, Joaqu\u00edn Garc\u00eda, mostr\u00f3 su satisfacci\u00f3n por la inauguraci\u00f3n de este nuevo local partidario: \u201cLa idea es poder tener un lugar de trabajo c\u00f3modo, que sea un lugar donde cualquier ciudadano pueda acercarse y sumarse a este proyecto si as\u00ed lo desea. Seguimos acompa\u00f1ando al Gobernador en este proceso que se inici\u00f3 en el 2023 y es un gran honor que \u00e9l me haya convocado para integrar esta lista\u201d.<br>\u201cHay que continuar dando el mensaje de orden, de cambio y decirle a la sociedad que nosotros representamos la renovaci\u00f3n que tanto se ped\u00eda. El contraste en estas elecciones es sencillo: es pasado contra el presente y futuro que nosotros representamos\u201d, precis\u00f3 Garc\u00eda.<\/p>\n","protected":false},"excerpt":{"rendered":"<p>Este domingo, el gobernador Leandro Zdero, acompa\u00f1ado por los candidatos a diputados provinciales de \u201cChaco Puede + La Libertad Avanza\u201d, estuvo en Villa \u00c1ngela para escuchar de primera mano las inquietudes de los vecinos. En la oportunidad, el primer mandatario provincial tambi\u00e9n inaugur\u00f3 la nueva sede partidaria que servir\u00e1 como base de trabajo rumbo a [&hellip;]<\/p>\n","protected":false},"author":2,"featured_media":5718,"comment_status":"open","ping_status":"open","sticky":false,"template":"","format":"standard","meta":{"footnotes":""},"categories":[27],"tags":[],"class_list":{"0":"post-5717","1":"post","2":"type-post","3":"status-publish","4":"format-standard","5":"has-post-thumbnail","7":"category-interior"},"aioseo_notices":[],"_links":{"self":[{"href":"https:\/\/lalupa24.com.ar\/index.php\/wp-json\/wp\/v2\/posts\/5717","targetHints":{"allow":["GET"]}}],"collection":[{"href":"https:\/\/lalupa24.com.ar\/index.php\/wp-json\/wp\/v2\/posts"}],"about":[{"href":"https:\/\/lalupa24.com.ar\/index.php\/wp-json\/wp\/v2\/types\/post"}],"author":[{"embeddable":true,"href":"https:\/\/lalupa24.com.ar\/index.php\/wp-json\/wp\/v2\/users\/2"}],"replies":[{"embeddable":true,"href":"https:\/\/lalupa24.com.ar\/index.php\/wp-json\/wp\/v2\/comments?post=5717"}],"version-history":[{"count":1,"href":"https:\/\/lalupa24.com.ar\/index.php\/wp-json\/wp\/v2\/posts\/5717\/revisions"}],"predecessor-version":[{"id":5719,"href":"https:\/\/lalupa24.com.ar\/index.php\/wp-json\/wp\/v2\/posts\/5717\/revisions\/5719"}],"wp:featuredmedia":[{"embeddable":true,"href":"https:\/\/lalupa24.com.ar\/index.php\/wp-json\/wp\/v2\/media\/5718"}],"wp:attachment":[{"href":"https:\/\/lalupa24.com.ar\/index.php\/wp-json\/wp\/v2\/media?parent=5717"}],"wp:term":[{"taxonomy":"category","embeddable":true,"href":"https:\/\/lalupa24.com.ar\/index.php\/wp-json\/wp\/v2\/categories?post=5717"},{"taxonomy":"post_tag","embeddable":true,"href":"https:\/\/lalupa24.com.ar\/index.php\/wp-json\/wp\/v2\/tags?post=5717"}],"curies":[{"name":"wp","href":"https:\/\/api.w.org\/{rel}","templated":true}]}}