{"id":5731,"date":"2025-04-15T10:54:49","date_gmt":"2025-04-15T13:54:49","guid":{"rendered":"https:\/\/lalupa24.com.ar\/?p=5731"},"modified":"2025-04-15T10:54:51","modified_gmt":"2025-04-15T13:54:51","slug":"zdero-refuerza-el-compromiso-de-trabajos-codo-a-codo-con-quienes-apuestan-por-el-presente-y-futuro-del-chaco","status":"publish","type":"post","link":"https:\/\/lalupa24.com.ar\/index.php\/2025\/04\/15\/zdero-refuerza-el-compromiso-de-trabajos-codo-a-codo-con-quienes-apuestan-por-el-presente-y-futuro-del-chaco\/","title":{"rendered":"Zdero refuerza el compromiso de trabajos codo a codo con quienes apuestan por el presente y futuro del chaco"},"content":{"rendered":"\n<p><\/p>\n\n\n\n<p>El gobernador Leandro Zdero, acompa\u00f1ado de los candidatos a diputados provinciales por \u201cChaco Puede + La Libertad Avanza, Julio Ferro, Carina Botteri Disoff, Adri\u00e1n Zukiewicz, Mayra \u201cPili\u201d Jarenko y Edgardo \u201cTati\u201d Reguera, recorri\u00f3 la localidad de Colonia Ben\u00edtez para dialogar y escuchar las necesidades de primera mano de los vecinos, comerciantes y emprendedores. Adem\u00e1s, el primer mandatario provincial pidi\u00f3 el acompa\u00f1amiento de la gente de cara a las elecciones del pr\u00f3ximo 11 de mayo para poder seguir transformando al Chaco.<\/p>\n\n\n\n<p>\u201cNuestras propuestas tienen que ver con la reactivaci\u00f3n del trabajo, seguir avanzando en materia de seguridad, de educaci\u00f3n, de salud, pero tambi\u00e9n en la posibilidad de que la provincia se abra a inversiones\u201d, mencion\u00f3 el Gobernador, en Colonia Ben\u00edtez.<br>En esa l\u00ednea, Zdero cont\u00f3 que, durante su recorrida ayer por Colonia Ben\u00edtez, estuvo en el emprendimiento familiar \u201cEncomiendas Zacar\u00edas\u201d, donde dialog\u00f3 con la familia propietaria, que le agradeci\u00f3 porque hoy pueden trabajar con normalidad gracias a que ya no hay cortes de ruta. \u201cEncontr\u00e9 gente de mucho esfuerzo, esa es la gente que queremos en el Chaco, la que se rompe el lomo de sol a sol para salir adelante y no los vivos que se quedaron con los recursos de la gente\u201d, explic\u00f3.<br>Asimismo, el primer mandatario provincial destac\u00f3: \u201cPor eso nosotros ofrecemos a estos candidatos, porque son gente sencilla pero que est\u00e1 preparada para lo que se viene. Son personas que tienen el coraje de acompa\u00f1arnos en esta transformaci\u00f3n que va a exigir mucho trabajo en la Legislatura, porque pretendemos una C\u00e1mara de Diputados equilibrada, pero fundamentalmente que no ponga palos en la rueda como lo ha hecho esta ahora\u201d.<br>Por ese lado, el jefe del Ejecutivo provincial diferenci\u00f3 a los candidatos de \u201cChaco Puede + La Libertad Avanza\u201d con las otras propuestas electorales: \u201cEn nuestra lista hay docentes, hay profesionales y gente comprometida. Yo doy ejemplos claros, Carina Botteri Disoff cuando fue ministra de Desarrollo Humano tuvo el valor de hacer en un d\u00eda lo que no se hizo en 16 a\u00f1os\u201d-record\u00f3.<\/p>\n\n\n\n<p>NUESTROS CANDIDATOS MARCAN EL CONTRASTE<br>\u201cNuestros candidatos son gente chaque\u00f1a como cualquier otro. Ellos son la transparencia y marcan el contraste con los que quieren fueros y buscan la cobija de un lugar para continuar con la pol\u00edtica t\u00f3xica. Preferimos candidatos \u2018no conocidos\u2019 pero que quieran transformar el Chaco\u201d.<\/p>\n\n\n\n<p>JULI FERRO: \u201cVAMOS A ACOMPA\u00d1AR A LOS QUE PRODUCEN Y TRABAJAN\u201d<br>El primer candidato por \u201cChaco Puede + La Libertad Avanza\u201d, Julio Ferro, acompa\u00f1\u00f3 al Gobernador en su recorrida por Colonia Ben\u00edtez y coment\u00f3: \u201cVisitamos un emprendimiento local, queremos acompa\u00f1ar este tipo de emprendimientos familiares y esa es la pol\u00edtica que promueve el Gobernador: acompa\u00f1ar a quien produce y a quien trabaja\u201d.<br>\u201cLe comentamos a la familia Zacar\u00edas, quien es la que posee el emprendimiento, que presentamos un proyecto de ley hace unas semanas para bajar los impuestos en la provincia, y que le va a significar un alivio financiero muy grande. Esperamos que la Legislatura lo apruebe, porque por ahora no hubo acompa\u00f1amiento, y es por eso que necesitamos tener mayor\u00eda en la C\u00e1mara de Diputados, para, justamente, aprobar este tipo de proyectos que benefician a los chaque\u00f1os\u201d, asever\u00f3 Ferro.<\/p>\n\n\n\n<p>CARINA BOTTERI DISOFF: \u201cEL GOBERNADOR TOM\u00d3 LA DECISI\u00d3N POL\u00cdTICA DE TERMINAR CON LOS INTERMEDIARIOS\u201d<br>\u201cTenemos un Gobernador que, desde antes de asumir, ya recorr\u00eda todas las localidades de la provincia y \u00e9l no acepta que un funcionario no sea de territorio. En esta oportunidad me toca estar circunstancialmente ocupando un lugar como candidata, pero la indicaci\u00f3n es la misma: estar en territorio para escuchar a los vecinos\u201d, mencion\u00f3 la candidata a diputada provincial por \u201cChaco Puede + La Libertad Avanza\u201d, Carina Botteri Disoff.<br>Botteri agradeci\u00f3 las palabras del gobernador, quien destac\u00f3 el trabajo que llev\u00f3 adelante durante su paso por el Ministerio de Desarrollo Humano. \u201cSiempre lo tom\u00e9 como una gran responsabilidad. El Gobernador tom\u00f3 la decisi\u00f3n pol\u00edtica de terminar con la intermediaci\u00f3n y se comprob\u00f3 que se pod\u00eda lograr. Si anteriormente no se hizo fue porque, evidentemente, no quer\u00edan molestar a sus socios\u201d, se\u00f1al\u00f3.<br>Para finalizar, plante\u00f3 que en las elecciones del 11 de mayo hay dos opciones: el pasado empobrecedor, socio de la mafia piquetera, o este futuro de crecimiento, y remarc\u00f3 la necesidad de contar con respaldo legislativo para avanzar en medidas concretas: \u201cNecesitamos poder acompa\u00f1ar y darle gobernabilidad al Gobernador para implementar pol\u00edticas p\u00fablicas pensadas en el crecimiento de todos los sectores\u201d.<\/p>\n\n\n\n<p>EL FIN DE LOS CORTES DE RUTA PERMITE A LOS CHAQUE\u00d1OS TRABAJAR EN PAZ<br>H\u00e9ctor Zacar\u00edas, due\u00f1o de la empresa familiar \u201cEncomiendas Zacar\u00edas\u201d, valor\u00f3 la visita del Gobernador y le agradeci\u00f3 por haber puesto fin a los cortes de ruta ya que dificultaban seriamente el desarrollo de las tareas que realizan a diario.<br>\u201cNosotros nos dedicamos a realizar encomiendas en toda la zona de Santa Fe, Rafaela, San Francisco, todo el interior de Chaco y Corrientes hasta Itat\u00ed. Cuando hab\u00eda cortes ten\u00edamos muchas perdidas, nos llamaban clientes para preguntarnos por los paquetes que no llegaban, nuestros chicos que sal\u00edan al interior hab\u00eda d\u00edas que no pod\u00edan volver\u201d, ejemplific\u00f3 H\u00e9ctor.<br>Ezequiel Zacar\u00edas, hijo de H\u00e9ctor, tambi\u00e9n se desempe\u00f1a en la empresa familiar y explic\u00f3 que conoci\u00f3 al Gobernador en el a\u00f1o 2017 cuando tuvo que viajar a Resistencia por un tr\u00e1mite personal. \u201cSigue siendo el mismo de esa vez, una persona humilde y sencilla. Nos hizo muy bien su visita para que vea en la forma que trabajamos\u201d, asegur\u00f3.<\/p>\n","protected":false},"excerpt":{"rendered":"<p>El gobernador Leandro Zdero, acompa\u00f1ado de los candidatos a diputados provinciales por \u201cChaco Puede + La Libertad Avanza, Julio Ferro, Carina Botteri Disoff, Adri\u00e1n Zukiewicz, Mayra \u201cPili\u201d Jarenko y Edgardo \u201cTati\u201d Reguera, recorri\u00f3 la localidad de Colonia Ben\u00edtez para dialogar y escuchar las necesidades de primera mano de los vecinos, comerciantes y emprendedores. Adem\u00e1s, el [&hellip;]<\/p>\n","protected":false},"author":2,"featured_media":5732,"comment_status":"open","ping_status":"open","sticky":false,"template":"","format":"standard","meta":{"footnotes":""},"categories":[1],"tags":[],"class_list":{"0":"post-5731","1":"post","2":"type-post","3":"status-publish","4":"format-standard","5":"has-post-thumbnail","7":"category-blog"},"aioseo_notices":[],"_links":{"self":[{"href":"https:\/\/lalupa24.com.ar\/index.php\/wp-json\/wp\/v2\/posts\/5731","targetHints":{"allow":["GET"]}}],"collection":[{"href":"https:\/\/lalupa24.com.ar\/index.php\/wp-json\/wp\/v2\/posts"}],"about":[{"href":"https:\/\/lalupa24.com.ar\/index.php\/wp-json\/wp\/v2\/types\/post"}],"author":[{"embeddable":true,"href":"https:\/\/lalupa24.com.ar\/index.php\/wp-json\/wp\/v2\/users\/2"}],"replies":[{"embeddable":true,"href":"https:\/\/lalupa24.com.ar\/index.php\/wp-json\/wp\/v2\/comments?post=5731"}],"version-history":[{"count":1,"href":"https:\/\/lalupa24.com.ar\/index.php\/wp-json\/wp\/v2\/posts\/5731\/revisions"}],"predecessor-version":[{"id":5733,"href":"https:\/\/lalupa24.com.ar\/index.php\/wp-json\/wp\/v2\/posts\/5731\/revisions\/5733"}],"wp:featuredmedia":[{"embeddable":true,"href":"https:\/\/lalupa24.com.ar\/index.php\/wp-json\/wp\/v2\/media\/5732"}],"wp:attachment":[{"href":"https:\/\/lalupa24.com.ar\/index.php\/wp-json\/wp\/v2\/media?parent=5731"}],"wp:term":[{"taxonomy":"category","embeddable":true,"href":"https:\/\/lalupa24.com.ar\/index.php\/wp-json\/wp\/v2\/categories?post=5731"},{"taxonomy":"post_tag","embeddable":true,"href":"https:\/\/lalupa24.com.ar\/index.php\/wp-json\/wp\/v2\/tags?post=5731"}],"curies":[{"name":"wp","href":"https:\/\/api.w.org\/{rel}","templated":true}]}}