{"id":5740,"date":"2025-04-14T17:04:00","date_gmt":"2025-04-14T20:04:00","guid":{"rendered":"https:\/\/lalupa24.com.ar\/?p=5740"},"modified":"2025-04-15T11:11:11","modified_gmt":"2025-04-15T14:11:11","slug":"encuentro-provincial-de-supervisores-de-nivel-primario-para-el-fortalecimiento-de-las-politicas-educativas-en-territorio","status":"publish","type":"post","link":"https:\/\/lalupa24.com.ar\/index.php\/2025\/04\/14\/encuentro-provincial-de-supervisores-de-nivel-primario-para-el-fortalecimiento-de-las-politicas-educativas-en-territorio\/","title":{"rendered":"Encuentro provincial de supervisores de nivel primario para el fortalecimiento de las politicas educativas en territorio"},"content":{"rendered":"\n<p>La ministra de Educaci\u00f3n, Sof\u00eda Naidenoff, encabez\u00f3 este lunes el Encuentro Provincial de Supervisores de Nivel Primario, donde se present\u00f3 el Plan Operativo Pedag\u00f3gico en el marco de las pol\u00edticas educativas definidas para el a\u00f1o 2025 que buscan resignificar el rol del supervisor. Este encuentro cont\u00f3 con la presencia de todo el gabinete educativo, de los directores de las Regionales y supervisores de escuelas primarias de toda la provincia, y tuvo lugar en el sal\u00f3n de usos m\u00faltiples de la EES N\u00ba 67 de Resistencia.<\/p>\n\n\n\n<p>Este encuentro tuvo como objetivo fortalecer integralmente la gesti\u00f3n del sistema educativo a trav\u00e9s de la administraci\u00f3n de datos y evidencias para optimizar la toma de decisiones con respecto a las pol\u00edticas educativas efectivas y mejorar continuamente la alfabetizaci\u00f3n y el desarrollo estudiantil de la provincia. Al respecto, la ministra de Educaci\u00f3n ponder\u00f3 el rol del supervisor como art\u00edfice necesario para que la pol\u00edtica educativa &#8220;llegue efectivamente a la escuela&#8221;, con el acompa\u00f1amiento de los directivos, por lo cual resulta fundamental &#8220;dignificar su rol y acompa\u00f1arlos&#8221;. En la misma l\u00ednea, la subsecretaria Isabel Sanchuk destac\u00f3 que esta instancia de trabajo con los supervisores permite &#8220;definir capacitaci\u00f3n, estrategias en el aula, evaluaci\u00f3n y todo aquello que va a garantizar que el estudiante aprenda y lea en tiempo y forma\u201d.<br>El encuentro contempl\u00f3 la presentaci\u00f3n del Plan Acci\u00f3n de Capacitaci\u00f3n 2025 &#8211; Red Aprende; devoluci\u00f3n de resultados del Censo de Fluidez y Comprensi\u00f3n Lectora, aplicado en noviembre de 2024 a todos los terceros grados del Nivel Primario; estado Capacitaci\u00f3n en Alfabetizaci\u00f3n Inicial y Avanzada; impacto de Capacitaci\u00f3n 2024: Ateneos docente\/ Proyectos en el aula; evaluaci\u00f3n del impacto de Aprender en Verano; Plan Provincial de Lectura. ejecuci\u00f3n del Programa Tutor\u00edas; presentaci\u00f3n del Visor Educativo y plataforma Digital de Datos; presentaci\u00f3n del Plan Operativo pedag\u00f3gico 2025; avances en el Plan de estabilidad laboral docente; programa de Equipos Interdisciplinarios en cada Regional Educativa, entre otros temas.<br>Participaron tambi\u00e9n la subsecretaria de Descentralizaci\u00f3n Educativa, Marta Fassano; la directora general de Gesti\u00f3n Educativa, Mirta Candia; la directora general de Planeamiento y Evaluaci\u00f3n Educativa, Mar\u00eda Luisa G\u00f3mez de Baranda; la directora general de Inclusi\u00f3n Educativa, Elba Altamiranda; la directora de Nivel Primario, Natalia Hauptmann; los equipos t\u00e9cnicos pedag\u00f3gicos de Alfabetizaci\u00f3n, de Formaci\u00f3n Docente y del Plan de lectura; entre otras \u00e1reas.<\/p>\n","protected":false},"excerpt":{"rendered":"<p>La ministra de Educaci\u00f3n, Sof\u00eda Naidenoff, encabez\u00f3 este lunes el Encuentro Provincial de Supervisores de Nivel Primario, donde se present\u00f3 el Plan Operativo Pedag\u00f3gico en el marco de las pol\u00edticas educativas definidas para el a\u00f1o 2025 que buscan resignificar el rol del supervisor. Este encuentro cont\u00f3 con la presencia de todo el gabinete educativo, de [&hellip;]<\/p>\n","protected":false},"author":2,"featured_media":5741,"comment_status":"open","ping_status":"open","sticky":false,"template":"","format":"standard","meta":{"footnotes":""},"categories":[28],"tags":[],"class_list":{"0":"post-5740","1":"post","2":"type-post","3":"status-publish","4":"format-standard","5":"has-post-thumbnail","7":"category-locales"},"aioseo_notices":[],"_links":{"self":[{"href":"https:\/\/lalupa24.com.ar\/index.php\/wp-json\/wp\/v2\/posts\/5740","targetHints":{"allow":["GET"]}}],"collection":[{"href":"https:\/\/lalupa24.com.ar\/index.php\/wp-json\/wp\/v2\/posts"}],"about":[{"href":"https:\/\/lalupa24.com.ar\/index.php\/wp-json\/wp\/v2\/types\/post"}],"author":[{"embeddable":true,"href":"https:\/\/lalupa24.com.ar\/index.php\/wp-json\/wp\/v2\/users\/2"}],"replies":[{"embeddable":true,"href":"https:\/\/lalupa24.com.ar\/index.php\/wp-json\/wp\/v2\/comments?post=5740"}],"version-history":[{"count":1,"href":"https:\/\/lalupa24.com.ar\/index.php\/wp-json\/wp\/v2\/posts\/5740\/revisions"}],"predecessor-version":[{"id":5742,"href":"https:\/\/lalupa24.com.ar\/index.php\/wp-json\/wp\/v2\/posts\/5740\/revisions\/5742"}],"wp:featuredmedia":[{"embeddable":true,"href":"https:\/\/lalupa24.com.ar\/index.php\/wp-json\/wp\/v2\/media\/5741"}],"wp:attachment":[{"href":"https:\/\/lalupa24.com.ar\/index.php\/wp-json\/wp\/v2\/media?parent=5740"}],"wp:term":[{"taxonomy":"category","embeddable":true,"href":"https:\/\/lalupa24.com.ar\/index.php\/wp-json\/wp\/v2\/categories?post=5740"},{"taxonomy":"post_tag","embeddable":true,"href":"https:\/\/lalupa24.com.ar\/index.php\/wp-json\/wp\/v2\/tags?post=5740"}],"curies":[{"name":"wp","href":"https:\/\/api.w.org\/{rel}","templated":true}]}}