{"id":575,"date":"2024-02-21T08:09:18","date_gmt":"2024-02-21T11:09:18","guid":{"rendered":"https:\/\/lalupa24.com.ar\/?p=575"},"modified":"2024-03-12T08:21:48","modified_gmt":"2024-03-12T11:21:48","slug":"crece-el-malestar-entre-los-usuarios-de-colectivos-los-mismos-rehenes-de-siempre","status":"publish","type":"post","link":"https:\/\/lalupa24.com.ar\/index.php\/2024\/02\/21\/crece-el-malestar-entre-los-usuarios-de-colectivos-los-mismos-rehenes-de-siempre\/","title":{"rendered":"Crece el malestar entre los usuarios de colectivos: los mismos rehenes de siempre"},"content":{"rendered":"\n<p>Nuevamente una medida de fuerza de las c\u00e1maras empresarias dejaron sin este crucial servicio a miles de resistencianos.\u00a0<\/p>\n\n\n\n<p>Ir al trabajo, a una consulta m\u00e9dica, hacer compras o a la farmacia, son algunas de las actividades que muchos ciudadanos capitalinos debieron modificar o suspender por la dr\u00e1stica medida de fuerza adoptada desde las empresas a cargo del transporte urbano de pasajeros.&nbsp;<\/p>\n\n\n\n<p>&#8220;Hoy nos dejaron sin colectivos desde la siesta pero al margen de esto es p\u00e9simo el servicio. Me manejo en colectivo ya que no tengo otro m\u00f3vil, lo cual realmente me complica la fuente de ingresos. Con esta situaci\u00f3n no puedo ir a trabajar. Yo cuido a una persona adulta y \u00a0me re perjudica, ya que si no voy un d\u00eda y no cobro&#8221;, detall\u00f3 una de las personas damnificadas por el lockout patronal.<\/p>\n\n\n\n<p>Otra persona afectada por la medida de fuerza indic\u00f3: &#8220;tanto mi hijo como yo usamos el colectivo, yo no regularmente pero mi hijo s\u00ed, \u00e9l va a la facultad de lunes a viernes y representa un verdadero problema no poder ir a clases ya que es muy costoso hacerlo por otras formas de transporte&#8221;. Y a\u00f1adi\u00f3: &#8220;otro tema que me preocupa es la reducci\u00f3n del servicio nocturno, ya que mi hijo sale de clases a las 22 y por c\u00f3mo est\u00e1n recortando la frecuencia y cantidad de unidades en la calle no s\u00e9 c\u00f3mo vamos hacer \u00e9ste a\u00f1o, nadie explica nada al respecto&#8221;.<\/p>\n\n\n\n<p>Un joven trabajador aporta su visi\u00f3n del caso: &#8220;la empresa para la que trabajo queda por la avenida 9 de Julio al fondo. El colectivo me dejaba a unas dos cuadras del lugar, y si bien a veces puedo hacer home office el sistema no es tan eficiente y a veces es ineludible tener que ir presencialmente. Adem\u00e1s de este uso laboral, tambi\u00e9n uso el transporte p\u00fablico para otros quehaceres&#8221;.&nbsp;<\/p>\n\n\n\n<p>&#8220;Cabe aclarar que termin\u00e9 haciendo home office por la anterior L\u00ednea 2 (creo que se llamaba 1\u00b0 de mayo) era un desastre y uno no se pod\u00eda organizar con los horarios. Esper\u00e1bamos que con el nuevo dise\u00f1o de las l\u00edneas eso cambie pero la verdad es m\u00e1s de lo mismo. &nbsp;<\/p>\n\n\n\n<p>&#8220;Estos idas y vueltas me afectan, porque soy docente y utilizo el servicio para trasladarme a mi trabajo en forma diaria. Justamente este mi\u00e9rcoles nos presentamos a trabajar, ma\u00f1ana no tengo colectivo y seguramente debo pagar un remis o Uber con tarifas abusivas&#8221;, indic\u00f3.<\/p>\n\n\n\n<p>&#8220;Estamos en un limbo, es un tiempo incierto para las personas que necesitamos el transporte p\u00fablico porque escucho en los medios locales y nacionales y no hay soluci\u00f3n inmediata. En mi caso, como el de muchos vecinos, no tenemos un presupuesto para pagar ida y vuelta un remis para cumplir con nuestras obligaciones laborales. Sin mencionar circunstancias fortuitas en las que necesitamos ir al m\u00e9dico, al supermercado o hacer tr\u00e1mites&#8221;, analiz\u00f3.&nbsp;<\/p>\n\n\n\n<p>Otros vecinos, de zonas alejadas del centro, explican que la \u00fanica manera de conectar con sus centros de estudio, compras o trabajo es mediante el uso de colectivos. &#8220;Reclamamos por la falta de paradas o garitas en estos barrios m\u00e1s alejados. No es un tema menor la falta de entenderlo como un servicio, ya que somos varias personas mayores o con problemas de movilidad que muchas veces somos v\u00edctimas de choferes maleducados, que no son capaces de esperar a que al menos uno pueda afirmarse para arrancar el colectivo o aguardar el descenso del pasajero&#8221;.&nbsp;<\/p>\n\n\n\n<p>&#8220;Vivo en la zona sur de la ciudad y continuamente utilizo el transporte de colectivo, porque es el \u00fanico medio por el cual me traslado a trabajar y llevar a mi hija al colegio. Es p\u00e9simo lo que est\u00e1n haciendo con el transporte p\u00fablico, una situaci\u00f3n que no tiene rumbo, no vemos que vaya a mejorar, sino todo lo contrario con el paso del tiempo&#8221;, manifest\u00f3 otro pasajero.&nbsp;<\/p>\n\n\n\n<h2 class=\"wp-block-heading\">Servicio deficiente<\/h2>\n\n\n\n<p>Un usuario de la L\u00ednea 2 relat\u00f3 a este medio que &#8220;si antes est\u00e1bamos mal, ahora peor. Yo vivo en la zona del barrio Carpincho Macho, al fondo, y el colectivo nos deja cada vez m\u00e1s lejos. Observe qu\u00e9 el ramal \u2018A\u2019, que en este momento se sac\u00f3, iba hasta el fondo del barrio, y no ten\u00edan donde y como dar vuelta el colectivo para volver a la ruta&#8221;.<\/p>\n\n\n\n<p>&#8220;Cabe decir tambi\u00e9n que con estos nuevos recortes de horarios la L\u00ednea 2 pone a disposici\u00f3n la \u00faltima unidad a las 20.30, mientras que otras l\u00edneas (como la 110) circulan hasta las 22.00&#8221;, finaliz\u00f3<\/p>\n","protected":false},"excerpt":{"rendered":"<p>Nuevamente una medida de fuerza de las c\u00e1maras empresarias dejaron sin este crucial servicio a miles de resistencianos.\u00a0 Ir al trabajo, a una consulta m\u00e9dica, hacer compras o a la farmacia, son algunas de las actividades que muchos ciudadanos capitalinos debieron modificar o suspender por la dr\u00e1stica medida de fuerza adoptada desde las empresas a [&hellip;]<\/p>\n","protected":false},"author":2,"featured_media":576,"comment_status":"open","ping_status":"open","sticky":false,"template":"","format":"standard","meta":{"footnotes":""},"categories":[27],"tags":[],"class_list":{"0":"post-575","1":"post","2":"type-post","3":"status-publish","4":"format-standard","5":"has-post-thumbnail","7":"category-interior"},"aioseo_notices":[],"_links":{"self":[{"href":"https:\/\/lalupa24.com.ar\/index.php\/wp-json\/wp\/v2\/posts\/575","targetHints":{"allow":["GET"]}}],"collection":[{"href":"https:\/\/lalupa24.com.ar\/index.php\/wp-json\/wp\/v2\/posts"}],"about":[{"href":"https:\/\/lalupa24.com.ar\/index.php\/wp-json\/wp\/v2\/types\/post"}],"author":[{"embeddable":true,"href":"https:\/\/lalupa24.com.ar\/index.php\/wp-json\/wp\/v2\/users\/2"}],"replies":[{"embeddable":true,"href":"https:\/\/lalupa24.com.ar\/index.php\/wp-json\/wp\/v2\/comments?post=575"}],"version-history":[{"count":1,"href":"https:\/\/lalupa24.com.ar\/index.php\/wp-json\/wp\/v2\/posts\/575\/revisions"}],"predecessor-version":[{"id":577,"href":"https:\/\/lalupa24.com.ar\/index.php\/wp-json\/wp\/v2\/posts\/575\/revisions\/577"}],"wp:featuredmedia":[{"embeddable":true,"href":"https:\/\/lalupa24.com.ar\/index.php\/wp-json\/wp\/v2\/media\/576"}],"wp:attachment":[{"href":"https:\/\/lalupa24.com.ar\/index.php\/wp-json\/wp\/v2\/media?parent=575"}],"wp:term":[{"taxonomy":"category","embeddable":true,"href":"https:\/\/lalupa24.com.ar\/index.php\/wp-json\/wp\/v2\/categories?post=575"},{"taxonomy":"post_tag","embeddable":true,"href":"https:\/\/lalupa24.com.ar\/index.php\/wp-json\/wp\/v2\/tags?post=575"}],"curies":[{"name":"wp","href":"https:\/\/api.w.org\/{rel}","templated":true}]}}