{"id":5760,"date":"2025-04-16T21:00:00","date_gmt":"2025-04-17T00:00:00","guid":{"rendered":"https:\/\/lalupa24.com.ar\/?p=5760"},"modified":"2025-04-17T00:02:03","modified_gmt":"2025-04-17T03:02:03","slug":"guillermo-francos-nego-una-devaluacion-al-defender-el-plan-economico","status":"publish","type":"post","link":"https:\/\/lalupa24.com.ar\/index.php\/2025\/04\/16\/guillermo-francos-nego-una-devaluacion-al-defender-el-plan-economico\/","title":{"rendered":"Guillermo Francos neg\u00f3 una devaluaci\u00f3n al defender el plan econ\u00f3mico"},"content":{"rendered":"\n<p>El jefe de Gabinete, Guillermo Francos, hizo hoy una f\u00e9rrea defensa de la pol\u00edtica econ\u00f3mica, neg\u00f3 una devaluaci\u00f3n por el levantamiento del cepo y pidi\u00f3 la sanci\u00f3n de un paquete de proyectos sobre seguridad, en una sesi\u00f3n informativa en la C\u00e1mara de Diputados en la que no se refiri\u00f3 a la estafa de la criptomoneda libra.<\/p>\n\n\n\n<p>Francos adelant\u00f3 que no se referir\u00eda al esc\u00e1ndalo de la criptomoneda porque deber\u00e1 volver la pr\u00f3xima semana, al ser interpelado por una comisi\u00f3n investigadora creada para indagar en la participaci\u00f3n que tuvo el presidente Javier Milei en esa fallida operaci\u00f3n financiera.<\/p>\n\n\n\n<p>Francos dijo que su obligaci\u00f3n era venir al Congreso &#8220;pero no responder preguntas&#8221; y pidi\u00f3 tener un mecanismo &#8220;m\u00e1s razonable&#8221; sobre este tema, tras las quejas por haber entregado su informe una hora y media antes de la sesi\u00f3n.<\/p>\n\n\n\n<p>En su tercer informe de gesti\u00f3n, el jefe de Gabinete hizo una fuerte defensa del plan econ\u00f3mico, la reforma del Estado y las privatizaciones, y pidi\u00f3 al Congreso que avance en la sanci\u00f3n de las leyes antibarras y la reducci\u00f3n de la baja de imputabilidad.<\/p>\n\n\n\n<p>&#8220;El Gobierno nunca habl\u00f3 de una devaluaci\u00f3n&#8221;, afirm\u00f3 Francos, y explic\u00f3 que el levantamiento del cepo para los ahorristas es un &#8220;sistema de bandas para gestionar el tipo de cambio&#8221;.<\/p>\n\n\n\n<p>&#8220;Desde el inicio de nuestro gobierno, experimentamos una dr\u00e1stica ca\u00edda de la inflaci\u00f3n. Se trata de un descenso hist\u00f3rico, que impacta positivamente sobre todo en los sectores m\u00e1s vulnerables de la sociedad&#8221;, indic\u00f3.<\/p>\n\n\n\n<p>&#8220;Entre febrero de 2024 y enero de 2025, todas las categor\u00edas de trabajadores registraron, en promedio, incrementos salariales por encima de la inflaci\u00f3n&#8221;, agreg\u00f3.<\/p>\n\n\n\n<p>Francos se\u00f1al\u00f3 que &#8220;los niveles de pobreza cayeron de manera significativa respecto al per\u00edodo previo&#8221; y asegur\u00f3 que el Gobierno &#8220;termin\u00f3 con el control y el abuso de los gerentes de la pobreza&#8221;, que \u2014seg\u00fan dijo\u2014 &#8220;somet\u00edan a los beneficiarios de programas sociales a pr\u00e1cticas intimidatorias&#8221;.<\/p>\n\n\n\n<p>&#8220;El programa econ\u00f3mico del Gobierno de Javier Milei recibi\u00f3 un enorme apoyo internacional&#8221;, dijo Francos, y puso como ejemplos el acuerdo aprobado por el Fondo Monetario Internacional y los pr\u00e9stamos de organismos multilaterales como el BID y el Banco Mundial.<\/p>\n\n\n\n<p>Tambi\u00e9n destac\u00f3 &#8220;la visita a la Argentina del secretario del Tesoro norteamericano, Scott Bessent&#8221;, quien \u2014dijo\u2014 &#8220;enfatiz\u00f3 el apoyo y respaldo del Gobierno norteamericano&#8221;.<\/p>\n\n\n\n<p>&#8220;Se logr\u00f3 renovar el swap con China por otros 12 meses&#8221;, destac\u00f3, lo cual \u2014seg\u00fan explic\u00f3\u2014 &#8220;le permite al Banco Central reducir los riesgos en nuestra transici\u00f3n hacia un r\u00e9gimen monetario y cambiario sostenible&#8221;.<\/p>\n\n\n\n<p>Francos rese\u00f1\u00f3 que el Gobierno elimin\u00f3 m\u00e1s de 40.000 puestos de trabajo en el sector p\u00fablico, lo que permiti\u00f3 un &#8220;ahorro de 800 millones de d\u00f3lares anuales en salarios&#8221;.<\/p>\n\n\n\n<p>&#8220;Se redujeron 41.142 puestos de trabajo del sector p\u00fablico&#8221;, precis\u00f3, lo que &#8220;signific\u00f3 un ahorro estimado de 1.600 millones de d\u00f3lares anuales si se consideran otros costos asociados&#8221;.<\/p>\n\n\n\n<p>Destac\u00f3 tambi\u00e9n &#8220;el arduo trabajo de desburocratizaci\u00f3n&#8221; del Estado, a trav\u00e9s de &#8220;la eliminaci\u00f3n de organismos ineficientes, duplicados o sin funciones&#8221;.<\/p>\n\n\n\n<p>Francos pidi\u00f3 adem\u00e1s la aprobaci\u00f3n de la ley Anti Barras, que &#8220;tipifica los delitos cometidos por barras bravas como asociaci\u00f3n il\u00edcita especial&#8221;.<\/p>\n\n\n\n<p>&#8220;Es un complemento a la Ley Antimafia, que le permitir\u00e1 al Gobierno avanzar sobre un tipo de violencia que desde hace muchos a\u00f1os le hace muy mal al pa\u00eds&#8221;, sostuvo.<\/p>\n\n\n\n<p>Tambi\u00e9n insisti\u00f3 en la necesidad de avanzar en la baja de la edad de imputabilidad, al asegurar: &#8220;Quien comete un delito de adulto, debe pagar una pena de adulto; por lo que proponemos bajar la edad a 13 a\u00f1os&#8221;.<\/p>\n\n\n\n<p>Durante la sesi\u00f3n, legisladores lo interrogaron sobre jubilaciones, la situaci\u00f3n del cepo cambiario, y el acuerdo con el FMI, entre otros temas.<\/p>\n","protected":false},"excerpt":{"rendered":"<p>El jefe de Gabinete, Guillermo Francos, hizo hoy una f\u00e9rrea defensa de la pol\u00edtica econ\u00f3mica, neg\u00f3 una devaluaci\u00f3n por el levantamiento del cepo y pidi\u00f3 la sanci\u00f3n de un paquete de proyectos sobre seguridad, en una sesi\u00f3n informativa en la C\u00e1mara de Diputados en la que no se refiri\u00f3 a la estafa de la criptomoneda [&hellip;]<\/p>\n","protected":false},"author":11,"featured_media":5761,"comment_status":"open","ping_status":"open","sticky":false,"template":"","format":"standard","meta":{"footnotes":""},"categories":[26],"tags":[],"class_list":{"0":"post-5760","1":"post","2":"type-post","3":"status-publish","4":"format-standard","5":"has-post-thumbnail","7":"category-nacionales"},"aioseo_notices":[],"_links":{"self":[{"href":"https:\/\/lalupa24.com.ar\/index.php\/wp-json\/wp\/v2\/posts\/5760","targetHints":{"allow":["GET"]}}],"collection":[{"href":"https:\/\/lalupa24.com.ar\/index.php\/wp-json\/wp\/v2\/posts"}],"about":[{"href":"https:\/\/lalupa24.com.ar\/index.php\/wp-json\/wp\/v2\/types\/post"}],"author":[{"embeddable":true,"href":"https:\/\/lalupa24.com.ar\/index.php\/wp-json\/wp\/v2\/users\/11"}],"replies":[{"embeddable":true,"href":"https:\/\/lalupa24.com.ar\/index.php\/wp-json\/wp\/v2\/comments?post=5760"}],"version-history":[{"count":1,"href":"https:\/\/lalupa24.com.ar\/index.php\/wp-json\/wp\/v2\/posts\/5760\/revisions"}],"predecessor-version":[{"id":5762,"href":"https:\/\/lalupa24.com.ar\/index.php\/wp-json\/wp\/v2\/posts\/5760\/revisions\/5762"}],"wp:featuredmedia":[{"embeddable":true,"href":"https:\/\/lalupa24.com.ar\/index.php\/wp-json\/wp\/v2\/media\/5761"}],"wp:attachment":[{"href":"https:\/\/lalupa24.com.ar\/index.php\/wp-json\/wp\/v2\/media?parent=5760"}],"wp:term":[{"taxonomy":"category","embeddable":true,"href":"https:\/\/lalupa24.com.ar\/index.php\/wp-json\/wp\/v2\/categories?post=5760"},{"taxonomy":"post_tag","embeddable":true,"href":"https:\/\/lalupa24.com.ar\/index.php\/wp-json\/wp\/v2\/tags?post=5760"}],"curies":[{"name":"wp","href":"https:\/\/api.w.org\/{rel}","templated":true}]}}