{"id":5781,"date":"2025-04-19T20:16:45","date_gmt":"2025-04-19T23:16:45","guid":{"rendered":"https:\/\/lalupa24.com.ar\/?p=5781"},"modified":"2025-04-20T20:21:56","modified_gmt":"2025-04-20T23:21:56","slug":"en-el-dia-del-aborigen-americano-primero-chaco-ratifico-su-compromiso-con-los-pueblos-originarios","status":"publish","type":"post","link":"https:\/\/lalupa24.com.ar\/index.php\/2025\/04\/19\/en-el-dia-del-aborigen-americano-primero-chaco-ratifico-su-compromiso-con-los-pueblos-originarios\/","title":{"rendered":"En el D\u00eda del Aborigen Americano, Primero Chaco ratific\u00f3 su compromiso con los pueblos originarios"},"content":{"rendered":"\n<p>En una recorrida por distintas localidades, candidatos escucharon a referentes de las comunidades a fin de trabajar en conjunto para generar pol\u00edticas y respuestas a este sector de la poblaci\u00f3n._<\/p>\n\n\n\n<p>Como cada a\u00f1o, este 19 de abril se llevaron adelante actos y actividades con motivo del D\u00eda del Aborigen Americano. En este marco, los candidatos a diputados provinciales por la Lista 655 del Frente Primero Chaco se hicieron presentes para escuchar sus demandas y ratificar su acompa\u00f1amiento y compromiso por mejorar la calidad de vida de los pueblos originarios en toda la provincia.<\/p>\n\n\n\n<p>En un primer momento, la candidata e intendenta de Barranqueras, Magda Ayala, estuvo en Colonia Aborigen. All\u00ed fue recibida por el intendente Mateo Vucko y particip\u00f3 en el acto oficial por el D\u00eda del Aborigen Americano. Seguidamente mantuvo una reuni\u00f3n con mujeres emprendedoras, quienes comentaron la realidad que viven.<\/p>\n\n\n\n<p>&#8220;M\u00e1s all\u00e1 de este d\u00eda en particular, siempre debemos pensar y trabajar por mejorar la calidad de nuestros pueblos originarios. Se ha avanzado, pero a\u00fan falta mucho. Hay que garantizar su acceso a los derechos b\u00e1sicos, c\u00f3mo la alimentaci\u00f3n y la educaci\u00f3n, as\u00ed como generar proyectos que ayuden a su desarrollo, para que vuelvan a trabajar la tierra por ejemplo&#8221;, explic\u00f3 Ayala en su visita.<\/p>\n\n\n\n<p>M\u00e1s tarde, la candidata se traslad\u00f3 a Colonia El Pastoril, en la localidad de Villa \u00c1ngela. En el marco de un evento cultural y deportivo, mantuvo un contacto directo con la gente junto a Nadia Mancebo e Isidro Acosta, quienes tambi\u00e9n integran terna de candidatos de Primero Chaco para las pr\u00f3ximas elecciones legislativas. En este marco, uno de los principales pedidos se relacion\u00f3 a la municipalizacion del paraje.<\/p>\n\n\n\n<p>Por \u00faltimo, en la localidad de Quitilipi referentes de Primero Chaco compartieron una reuni\u00f3n ampliada con integrantes de pueblos originarios en el Barrio Nueva Esperanza. En esta actividad se sumaron los candidatos a legisladores Ariel Ledesma, Laura Fogar y Ra\u00fal Valdez.<\/p>\n\n\n\n<p>&#8220;Tenemos una pol\u00edtica de escucha activa, para llevar a la Legislatura las medidas que el pueblo chaque\u00f1o necesita&#8221;, agreg\u00f3 Ayala. En el mismo sentido, detall\u00f3 que la falta de agua y luz, as\u00ed como el empleo y la asistencia alimentaria y sanitaria, fueron las principales demandas que registraron en la recorrida. De la misma forma, los candidatos difundieron las propuestas de Primero Chaco y reiteraron la voluntad de trabajar junto a la gente para lograr los cambios que tanto se esperan en la provincia.<\/p>\n\n\n\n<p>&#8220;No es solo un lema, nosotros ponemos primero a los chaque\u00f1os. Trabajamos por y para ellos&#8221;, concluy\u00f3 Magda Ayala.<\/p>\n\n\n\n<p><\/p>\n","protected":false},"excerpt":{"rendered":"<p>En una recorrida por distintas localidades, candidatos escucharon a referentes de las comunidades a fin de trabajar en conjunto para generar pol\u00edticas y respuestas a este sector de la poblaci\u00f3n._ Como cada a\u00f1o, este 19 de abril se llevaron adelante actos y actividades con motivo del D\u00eda del Aborigen Americano. En este marco, los candidatos [&hellip;]<\/p>\n","protected":false},"author":11,"featured_media":5782,"comment_status":"open","ping_status":"open","sticky":false,"template":"","format":"standard","meta":{"footnotes":""},"categories":[27],"tags":[],"class_list":{"0":"post-5781","1":"post","2":"type-post","3":"status-publish","4":"format-standard","5":"has-post-thumbnail","7":"category-interior"},"aioseo_notices":[],"_links":{"self":[{"href":"https:\/\/lalupa24.com.ar\/index.php\/wp-json\/wp\/v2\/posts\/5781","targetHints":{"allow":["GET"]}}],"collection":[{"href":"https:\/\/lalupa24.com.ar\/index.php\/wp-json\/wp\/v2\/posts"}],"about":[{"href":"https:\/\/lalupa24.com.ar\/index.php\/wp-json\/wp\/v2\/types\/post"}],"author":[{"embeddable":true,"href":"https:\/\/lalupa24.com.ar\/index.php\/wp-json\/wp\/v2\/users\/11"}],"replies":[{"embeddable":true,"href":"https:\/\/lalupa24.com.ar\/index.php\/wp-json\/wp\/v2\/comments?post=5781"}],"version-history":[{"count":1,"href":"https:\/\/lalupa24.com.ar\/index.php\/wp-json\/wp\/v2\/posts\/5781\/revisions"}],"predecessor-version":[{"id":5783,"href":"https:\/\/lalupa24.com.ar\/index.php\/wp-json\/wp\/v2\/posts\/5781\/revisions\/5783"}],"wp:featuredmedia":[{"embeddable":true,"href":"https:\/\/lalupa24.com.ar\/index.php\/wp-json\/wp\/v2\/media\/5782"}],"wp:attachment":[{"href":"https:\/\/lalupa24.com.ar\/index.php\/wp-json\/wp\/v2\/media?parent=5781"}],"wp:term":[{"taxonomy":"category","embeddable":true,"href":"https:\/\/lalupa24.com.ar\/index.php\/wp-json\/wp\/v2\/categories?post=5781"},{"taxonomy":"post_tag","embeddable":true,"href":"https:\/\/lalupa24.com.ar\/index.php\/wp-json\/wp\/v2\/tags?post=5781"}],"curies":[{"name":"wp","href":"https:\/\/api.w.org\/{rel}","templated":true}]}}