{"id":5799,"date":"2025-04-19T21:04:19","date_gmt":"2025-04-20T00:04:19","guid":{"rendered":"https:\/\/lalupa24.com.ar\/?p=5799"},"modified":"2025-04-20T21:05:50","modified_gmt":"2025-04-21T00:05:50","slug":"la-comision-investigadora-libra-arranca-trabada","status":"publish","type":"post","link":"https:\/\/lalupa24.com.ar\/index.php\/2025\/04\/19\/la-comision-investigadora-libra-arranca-trabada\/","title":{"rendered":"La Comisi\u00f3n Investigadora $LIBRA arranca trabada"},"content":{"rendered":"\n<p>La paridad de fuerzas dificultar\u00e1 la elecci\u00f3n de autoridades. Unos y otros analizan alternativas y no se descarta que los m\u00e1s duros vayan a propiciar una sesi\u00f3n previa para rever la conformaci\u00f3n de la misma.<\/p>\n\n\n\n<p>Confirmada la convocatoria de la reuni\u00f3n constitutiva de la Comisi\u00f3n Investigadora sobre la Criptomoneda $LIBRA, a realizarse este mi\u00e9rcoles 23 de abril a las 10 de la ma\u00f1ana, nada indica que esa reuni\u00f3n vaya a tener un tr\u00e1mite apacible.<\/p>\n\n\n\n<p>La comisi\u00f3n ha sido convocada para nombrar sus autoridades, cosa en la que radica el primero de los problemas que se presentar\u00e1n, ya que a priori la comisi\u00f3n est\u00e1 dividida exactamente en dos mitades: 14 diputados a favor del oficialismo y otros tanto en contra.<\/p>\n\n\n\n<p>En el primer sector podemos considerar a los 4 diputados de La Libertad Avanza + CREO (Gabriel Bornoroni, Nadia M\u00e1rquez, Nicol\u00e1s Mayoraz y Paula Omodeo); los 4 del Pro + MID (Cristian Ritondo, Silvana Giudici, Mart\u00edn Maquieyra y Oscar Zago); los 2 del bloque UCR, (Soledad Carrizo y Lisandro Nieri); los 2 de Liga del Interior (Pablo Cervi y Francisco Monti), y los 2 de Innovaci\u00f3n Federal (Agust\u00edn Domingo y Yolanda Vega).<\/p>\n\n\n\n<p>En la vereda de enfrente est\u00e1n estos 14 diputados: los 6 de Uni\u00f3n por la Patria (Pablo Carro, Carolina Gaillard, Itai Hagman, Juan Marino, Sabrina Selva y Rodolfo Tailhade); los 2 de Encuentro Federal (Oscar Agost Carre\u00f1o y Nicol\u00e1s Massot); los 2 de Democracia para Siempre (Fernando Carbajal y Danya Tavela); los 2 de la Coalici\u00f3n C\u00edvica (Maximiliano Ferraro y M\u00f3nica Frade), y los 2 del Frente de Izquierda + Nacional y Popular (Christian Castillo y Julia Strada).<\/p>\n\n\n\n<p>A priori, resulta complejo imaginar un nombre de consenso que pueda romper la paridad que se plantea entre ambos sectores. Lo encontraron recientemente para conformar la Comisi\u00f3n Bicameral de Tr\u00e1mite Legislativo, cuando luego de que se empantanara la votaci\u00f3n de un presidente al empatar las propuestas del senador Juan Carlos Pagotto y el diputado Nicol\u00e1s Massot, surgi\u00f3 la alternativa sugerida por Francisco Paoltroni para encumbrar a Oscar Zago. Ac\u00e1 tambi\u00e9n est\u00e1 el diputado del MID, pero en este caso no aparece como prenda de unidad, ni siquiera para inclinar la balanza de un lado u otro.<\/p>\n\n\n\n<p>Pero habr\u00e1 otras discusiones antes de llegar a la reuni\u00f3n del martes. Desde Democracia para Siempre insistir\u00e1n con rever la conformaci\u00f3n de la comisi\u00f3n. El diputado formose\u00f1o Fernando Carbajal retomar\u00e1 el planteo de sus pares de Encuentro Federal Nicol\u00e1s Massot y Oscar Agost Carre\u00f1o para volver a la conformaci\u00f3n original de 24 integrantes. Esto es, antes de que se desatara una fiebre de creaci\u00f3n de interbloques y fracturas de bancadas que terminaron elevando el n\u00famero a 28. Para argumentar ese reclamo se har\u00e1 referencia al fallo de la Corte Suprema de diciembre de 2023 a favor de Luis Juez por el Consejo de la Magistratura.<\/p>\n\n\n\n<p>Como sea, nadie imagina que el presidente de la C\u00e1mara, Mart\u00edn Menem vaya a dar marcha atr\u00e1s con la conformaci\u00f3n que habilit\u00f3 el martes pasado, cuando se difundi\u00f3 la resoluci\u00f3n 222\/25 por la cual se designaron a los 28 integrantes de la Comisi\u00f3n Investigadora sobre la Criptomoneda $LIBRA.<\/p>\n\n\n\n<p>Tampoco se espera que vaya a tener mejor suerte el reclamo elevado por la diputada de Uni\u00f3n por la Patria Sabrina Selva porque Menem dio tiempo extra a Innovaci\u00f3n Federal para mandar sus integrantes. En rigor, el tiempo para presentar nombres venc\u00eda el viernes 11 a las 20, y ese d\u00eda el bloque que conduce la salte\u00f1a Pamela Calletti solo hizo reserva de dos lugares que termin\u00f3 completando reci\u00e9n el lunes siguiente.<\/p>\n\n\n\n<p>En la nota que mand\u00f3 Selva al presidente de la C\u00e1mara le recuerda que en el art\u00edculo 11 de la resoluci\u00f3n aprobada por el cuerpo figura la citada fecha de vencimiento para que los bloques enviaran sus propuestas, por lo que reclam\u00f3 que Menem se abstuviera de aceptar la reserva de lugares pues eso \u201cexcede la competencia que el cuerpo le ha otorgado\u201d. Se\u00f1ala Selva que \u201ctanto los bloques como la presidencia de esta C\u00e1mara deben obrar en el marco de lo resuelto por el cuerpo. As\u00ed es que solo deben considerarse v\u00e1lidas las nominaciones, con nombre y apellido, presentadas hasta el 11 de abril inclusive\u201d.<\/p>\n\n\n\n<p>En este contexto, volvi\u00f3 a tomar cuerpo la posibilidad de ir al recinto este martes 22, d\u00eda de las interpelaciones a funcionarios, para tratar de imponer el criterio de volver a la conformaci\u00f3n original de una comisi\u00f3n de 24. Para eso, necesitar\u00edan tener qu\u00f3rum y se basan en que la resoluci\u00f3n que permiti\u00f3 crear la comisi\u00f3n investigadora tuvo 128 votos. Y eso que les faltaron los 4 cordobeses alineados con su gobernador, cuatro kirchneristas duros y Vilma Ripoll. Se ver\u00e1 si, antes de la sesi\u00f3n para interpelar, logran forzar una sesi\u00f3n para tratar la revisi\u00f3n de la comisi\u00f3n investigadora. Durante este fin de semana largo se ver\u00e1 si hay plaf\u00f3n para tal fin.<\/p>\n","protected":false},"excerpt":{"rendered":"<p>La paridad de fuerzas dificultar\u00e1 la elecci\u00f3n de autoridades. Unos y otros analizan alternativas y no se descarta que los m\u00e1s duros vayan a propiciar una sesi\u00f3n previa para rever la conformaci\u00f3n de la misma. Confirmada la convocatoria de la reuni\u00f3n constitutiva de la Comisi\u00f3n Investigadora sobre la Criptomoneda $LIBRA, a realizarse este mi\u00e9rcoles 23 [&hellip;]<\/p>\n","protected":false},"author":11,"featured_media":5800,"comment_status":"open","ping_status":"open","sticky":false,"template":"","format":"standard","meta":{"footnotes":""},"categories":[26],"tags":[],"class_list":{"0":"post-5799","1":"post","2":"type-post","3":"status-publish","4":"format-standard","5":"has-post-thumbnail","7":"category-nacionales"},"aioseo_notices":[],"_links":{"self":[{"href":"https:\/\/lalupa24.com.ar\/index.php\/wp-json\/wp\/v2\/posts\/5799","targetHints":{"allow":["GET"]}}],"collection":[{"href":"https:\/\/lalupa24.com.ar\/index.php\/wp-json\/wp\/v2\/posts"}],"about":[{"href":"https:\/\/lalupa24.com.ar\/index.php\/wp-json\/wp\/v2\/types\/post"}],"author":[{"embeddable":true,"href":"https:\/\/lalupa24.com.ar\/index.php\/wp-json\/wp\/v2\/users\/11"}],"replies":[{"embeddable":true,"href":"https:\/\/lalupa24.com.ar\/index.php\/wp-json\/wp\/v2\/comments?post=5799"}],"version-history":[{"count":1,"href":"https:\/\/lalupa24.com.ar\/index.php\/wp-json\/wp\/v2\/posts\/5799\/revisions"}],"predecessor-version":[{"id":5801,"href":"https:\/\/lalupa24.com.ar\/index.php\/wp-json\/wp\/v2\/posts\/5799\/revisions\/5801"}],"wp:featuredmedia":[{"embeddable":true,"href":"https:\/\/lalupa24.com.ar\/index.php\/wp-json\/wp\/v2\/media\/5800"}],"wp:attachment":[{"href":"https:\/\/lalupa24.com.ar\/index.php\/wp-json\/wp\/v2\/media?parent=5799"}],"wp:term":[{"taxonomy":"category","embeddable":true,"href":"https:\/\/lalupa24.com.ar\/index.php\/wp-json\/wp\/v2\/categories?post=5799"},{"taxonomy":"post_tag","embeddable":true,"href":"https:\/\/lalupa24.com.ar\/index.php\/wp-json\/wp\/v2\/tags?post=5799"}],"curies":[{"name":"wp","href":"https:\/\/api.w.org\/{rel}","templated":true}]}}