{"id":5805,"date":"2025-04-20T11:28:00","date_gmt":"2025-04-20T14:28:00","guid":{"rendered":"https:\/\/lalupa24.com.ar\/?p=5805"},"modified":"2025-04-20T21:31:13","modified_gmt":"2025-04-21T00:31:13","slug":"el-papa-clamo-por-libertad-religiosa-y-paz-mundial-en-su-mensaje-de-pascua","status":"publish","type":"post","link":"https:\/\/lalupa24.com.ar\/index.php\/2025\/04\/20\/el-papa-clamo-por-libertad-religiosa-y-paz-mundial-en-su-mensaje-de-pascua\/","title":{"rendered":"El Papa clam\u00f3 por libertad religiosa y paz mundial en su mensaje de Pascua"},"content":{"rendered":"\n<p>A pesar de su reciente hospitalizaci\u00f3n, Francisco decidi\u00f3 estar presente f\u00edsicamente en esta importante celebraci\u00f3n para los cat\u00f3licos de todo el mundo.<\/p>\n\n\n\n<p>El papa Francisco, a\u00fan convaleciente de una infecci\u00f3n respiratoria, se present\u00f3 este domingo en el balc\u00f3n de la bas\u00edlica de San Pedro para impartir la tradicional bendici\u00f3n &#8220;Urbi et Orbi&#8221;, donde realiz\u00f3 un contundente llamado a la libertad religiosa como pilar fundamental para la paz mundial. Ante una multitud de 35.000 fieles congregados en la plaza, el pont\u00edfice, de 88 a\u00f1os, permaneci\u00f3 en silla de ruedas mientras un colaborador le\u00eda su mensaje pascual.<\/p>\n\n\n\n<p>&#8220;No puede haber paz sin libertad de religi\u00f3n, libertad de pensamiento, libertad de expresi\u00f3n y respeto por las opiniones de los dem\u00e1s&#8221;, afirm\u00f3 Francisco, quien a pesar de su reciente hospitalizaci\u00f3n por neumon\u00eda bilateral, decidi\u00f3 estar presente f\u00edsicamente en esta importante celebraci\u00f3n para los cat\u00f3licos de todo el mundo.<\/p>\n\n\n\n<p>El papa, quien hab\u00eda delegado la lectura de sus mensajes durante la Semana Santa debido a sus problemas respiratorios, se mostr\u00f3 visiblemente debilitado, pero presente y activo en su rol pastoral. La misa del Domingo de Resurrecci\u00f3n fue oficiada por el cardenal Angelo Comastri, mientras Francisco se limit\u00f3 a desear una &#8220;Buena Pascua&#8221; antes de la bendici\u00f3n.<\/p>\n\n\n\n<p>En su mensaje pascual, el pont\u00edfice realiz\u00f3 un en\u00e9rgico llamado a todas las partes involucradas en el conflicto de Gaza, instando a un cese del fuego, la liberaci\u00f3n de los rehenes y la asistencia humanitaria para la poblaci\u00f3n afectada. Francisco expres\u00f3 su preocupaci\u00f3n por el &#8220;creciente clima de antisemitismo que se est\u00e1 difundiendo por todo el mundo&#8221; y por la &#8220;comunidad cristiana de Gaza, donde el terrible conflicto sigue llevando muerte y destrucci\u00f3n, y provocando una dram\u00e1tica e indigna crisis humanitaria&#8221;.<\/p>\n\n\n\n<p>El papa tambi\u00e9n critic\u00f3 la escalada armament\u00edstica global, afirmando que &#8220;la paz tampoco es posible sin un verdadero desarme&#8221;. Inst\u00f3 a los l\u00edderes pol\u00edticos a &#8220;no ceder a la l\u00f3gica del miedo que a\u00edsla, sino a usar los recursos disponibles para ayudar a los necesitados, combatir el hambre y promover iniciativas que impulsen el desarrollo&#8221;.<\/p>\n\n\n\n<p>Con particular \u00e9nfasis, Francisco conden\u00f3 los ataques a hospitales y trabajadores humanitarios, recordando que &#8220;lo que est\u00e1 en la mira no es un mero objetivo, sino personas con un alma y una dignidad&#8221;.<\/p>\n\n\n\n<p>En un hecho significativo, el papa recibi\u00f3 brevemente al vicepresidente de Estados Unidos, JD Vance, en su residencia de Casa Santa Marta, para un saludo e intercambio de felicitaciones por la Pascua. El encuentro, que dur\u00f3 solo unos minutos, se produjo en un contexto de relaciones complejas entre la Santa Sede y la administraci\u00f3n Trump.<\/p>\n\n\n\n<p>El Papa clam\u00f3 por libertad religiosa y paz mundial en su mensaje de Pascua<\/p>\n\n\n\n<p>A pesar de su convalecencia, Francisco ha intentado mantener algunas actividades. El s\u00e1bado, sorprendi\u00f3 a los fieles al acudir a rezar a la bas\u00edlica de San Pedro antes de la Vigilia del S\u00e1bado Santo, y durante la Semana Santa, visit\u00f3 la c\u00e1rcel romana de Regina Coeli.<\/p>\n\n\n\n<p>En la homil\u00eda preparada para la misa del Domingo de Resurrecci\u00f3n, que fue le\u00edda por el cardenal Comastri, Francisco afirm\u00f3 que Jes\u00fas &#8220;llora las l\u00e1grimas de quien sufre&#8221; e invit\u00f3 a los fieles a &#8220;no instalarse tranquilamente en alguna seguridad religiosa&#8221; sino a &#8220;ver m\u00e1s all\u00e1, para descubrir a Jes\u00fas&#8221;.<\/p>\n\n\n\n<p>Saludo desde el papam\u00f3vil<\/p>\n\n\n\n<p>El papa Francisco sorprendi\u00f3 a los miles de fieles congregados en la Plaza de San Pedro al recorrerla en el papam\u00f3vil tras la bendici\u00f3n Urbi et Orbi del Domingo de Resurrecci\u00f3n.<\/p>\n\n\n\n<p>Francisco quiso saludar personalmente a los cerca de 50.000 fieles presentes. Durante la bendici\u00f3n, el pont\u00edfice argentino, sentado en su silla de ruedas y sin las c\u00e1nulas de ox\u00edgeno, dese\u00f3 una &#8220;Buena Pascua&#8221; y deleg\u00f3 la lectura del mensaje pascual en el maestro de ceremonias, Diego Ravelli.<\/p>\n\n\n\n<p>El Papa clam\u00f3 por libertad religiosa y paz mundial en su mensaje de Pascua<\/p>\n\n\n\n<p>Posteriormente, y de manera inesperada, recorri\u00f3 la Plaza de San Pedro en el papam\u00f3vil durante varios minutos, deteniendo el veh\u00edculo para bendecir a algunos ni\u00f1os. Si bien se notaba cierta dificultad en sus movimientos, su presencia gener\u00f3 gran emoci\u00f3n entre los asistentes.<\/p>\n\n\n\n<p>Esta aparici\u00f3n se suma a la sorpresa que gener\u00f3 el s\u00e1bado, cuando Francisco acudi\u00f3 a rezar a la Bas\u00edlica de San Pedro antes de la celebraci\u00f3n de la Vigilia del S\u00e1bado Santo, saludando a grupos de peregrinos estadounidenses presentes en el templo.<\/p>\n\n\n\n<p><\/p>\n","protected":false},"excerpt":{"rendered":"<p>A pesar de su reciente hospitalizaci\u00f3n, Francisco decidi\u00f3 estar presente f\u00edsicamente en esta importante celebraci\u00f3n para los cat\u00f3licos de todo el mundo. El papa Francisco, a\u00fan convaleciente de una infecci\u00f3n respiratoria, se present\u00f3 este domingo en el balc\u00f3n de la bas\u00edlica de San Pedro para impartir la tradicional bendici\u00f3n &#8220;Urbi et Orbi&#8221;, donde realiz\u00f3 un [&hellip;]<\/p>\n","protected":false},"author":11,"featured_media":5806,"comment_status":"open","ping_status":"open","sticky":false,"template":"","format":"standard","meta":{"footnotes":""},"categories":[25],"tags":[],"class_list":{"0":"post-5805","1":"post","2":"type-post","3":"status-publish","4":"format-standard","5":"has-post-thumbnail","7":"category-internacionales"},"aioseo_notices":[],"_links":{"self":[{"href":"https:\/\/lalupa24.com.ar\/index.php\/wp-json\/wp\/v2\/posts\/5805","targetHints":{"allow":["GET"]}}],"collection":[{"href":"https:\/\/lalupa24.com.ar\/index.php\/wp-json\/wp\/v2\/posts"}],"about":[{"href":"https:\/\/lalupa24.com.ar\/index.php\/wp-json\/wp\/v2\/types\/post"}],"author":[{"embeddable":true,"href":"https:\/\/lalupa24.com.ar\/index.php\/wp-json\/wp\/v2\/users\/11"}],"replies":[{"embeddable":true,"href":"https:\/\/lalupa24.com.ar\/index.php\/wp-json\/wp\/v2\/comments?post=5805"}],"version-history":[{"count":1,"href":"https:\/\/lalupa24.com.ar\/index.php\/wp-json\/wp\/v2\/posts\/5805\/revisions"}],"predecessor-version":[{"id":5807,"href":"https:\/\/lalupa24.com.ar\/index.php\/wp-json\/wp\/v2\/posts\/5805\/revisions\/5807"}],"wp:featuredmedia":[{"embeddable":true,"href":"https:\/\/lalupa24.com.ar\/index.php\/wp-json\/wp\/v2\/media\/5806"}],"wp:attachment":[{"href":"https:\/\/lalupa24.com.ar\/index.php\/wp-json\/wp\/v2\/media?parent=5805"}],"wp:term":[{"taxonomy":"category","embeddable":true,"href":"https:\/\/lalupa24.com.ar\/index.php\/wp-json\/wp\/v2\/categories?post=5805"},{"taxonomy":"post_tag","embeddable":true,"href":"https:\/\/lalupa24.com.ar\/index.php\/wp-json\/wp\/v2\/tags?post=5805"}],"curies":[{"name":"wp","href":"https:\/\/api.w.org\/{rel}","templated":true}]}}