{"id":5822,"date":"2025-04-17T09:58:00","date_gmt":"2025-04-17T12:58:00","guid":{"rendered":"https:\/\/lalupa24.com.ar\/?p=5822"},"modified":"2025-04-20T22:05:51","modified_gmt":"2025-04-21T01:05:51","slug":"despues-de-7-anos-de-espera-zdero-entrego-una-ambulancia-al-hospital-luis-fleitas","status":"publish","type":"post","link":"https:\/\/lalupa24.com.ar\/index.php\/2025\/04\/17\/despues-de-7-anos-de-espera-zdero-entrego-una-ambulancia-al-hospital-luis-fleitas\/","title":{"rendered":"Despu\u00e9s de 7 a\u00f1os de espera Zdero entreg\u00f3 una ambulancia al hospital \u201cLuis Fleitas\u201d"},"content":{"rendered":"\n<p><em>FONTANA: TRAS 7 A\u00d1OS DE ESPERA, EL GOBERNADOR ZDERO ENTREG\u00d3 UNA AMBULANCIA AL HOSPITAL \u201cLUIS FLEITAS\u201d<\/em><\/p>\n\n\n\n<p><em>Ante una poblaci\u00f3n en crecimiento, el Municipio celebr\u00f3 la posibilidad de contar, despu\u00e9s de tantos a\u00f1os de espera, con un segundo veh\u00edculo que mejore la capacidad de respuesta.<\/em><\/p>\n\n\n\n<p>El gobernador Leandro Zdero entreg\u00f3 una ambulancia con equipamiento de alta tecnolog\u00eda al hospital de Fontana \u201cLuis Fleitas\u201d que, sumada a la que ya contaba el efector, garantizar\u00e1 mejor capacidad de respuesta para la atenci\u00f3n de los vecinos. <em>\u201cPara nosotros reforzar este hospital es garantizar que los vecinos tengan la seguridad de que hay un Estado presente\u201d, indic\u00f3 el mandatario.<\/em><br>De esta manera, con la segunda ambulancia entregada en la jornada (la primera fue en Puerto Tirol), el gobierno provincial refuerza la red sanitaria provincial. Adem\u00e1s, el gobernador record\u00f3 que <em>se trabaja en un sistema de monitoreo de ambulancias que se sumar\u00e1 a la digitalizaci\u00f3n de las recetas, turnos e historias cl\u00ednicas. \u201cTener una localizaci\u00f3n de las ambulancias permite optimizar el servicio y atender m\u00e1s r\u00e1pido a quienes necesiten\u201d, asegur\u00f3.<\/em><br>La unidad Ford Transit Furg\u00f3n 350M TE 2.2 TDI demand\u00f3 una inversi\u00f3n de $2.822.856.734,19 por parte del Ministerio de Salud y se sumar\u00e1 a la que ya estaba a disposici\u00f3n del hospital de complejidad III. Est\u00e1 equipada para la atenci\u00f3n de emergencias y urgencias durante el traslado de los pacientes.<br>El ministro de Salud Sergio Rodr\u00edguez destac\u00f3 las entregas a los hospitales del Gran Resistencia. \u201cEs muy loable por parte del gobernador entender que esta situaci\u00f3n merece una mirada diferente, el Gran Resistencia es un \u00e1rea que viene teniendo necesidades insatisfechas ya que se asume que por la cercan\u00eda a Resistencia es f\u00e1cil de cubrir, pero no, hay que diagramar una estrategia diferente\u201d, indic\u00f3. \u201cFontana es una ciudad que crece y tiene vida propia m\u00e1s all\u00e1 de que pertenezca al Gran Resistencia, por eso entendemos que reforzar esto mejora la asistencia de la gente de la localidad\u201d, agreg\u00f3.<\/p>\n\n\n\n<p><em>Tras 7 a\u00f1os de espera<\/em><br>El intendente Fernando Cuadra asegur\u00f3 que la nueva unidad refuerza el sistema sanitario local y mejora la capacidad de respuesta y llegada a los vecinos a trav\u00e9s del respaldo que significa tener dos veh\u00edculos a disposici\u00f3n. <em>\u201cHace siete a\u00f1os que se esperaba un nuevo m\u00f3vil, esto no es s\u00f3lo un m\u00f3vil sino tambi\u00e9n la alta tecnolog\u00eda que tiene, es nueva y adquirida con los recursos del Estado y va a mejorar la capacidad de respuesta y el sistema de salud local\u201d, celebr\u00f3.<\/em><br>Participaron de la entrega el ministro de Salud Sergio Rodr\u00edguez; el subsecretario de Legal y T\u00e9cnica, Julio Ferro; el vocal de Loter\u00eda Chaque\u00f1a, Juan Chaussivert, personal del hospital y funcionarios provinciales.<\/p>\n","protected":false},"excerpt":{"rendered":"<p>FONTANA: TRAS 7 A\u00d1OS DE ESPERA, EL GOBERNADOR ZDERO ENTREG\u00d3 UNA AMBULANCIA AL HOSPITAL \u201cLUIS FLEITAS\u201d Ante una poblaci\u00f3n en crecimiento, el Municipio celebr\u00f3 la posibilidad de contar, despu\u00e9s de tantos a\u00f1os de espera, con un segundo veh\u00edculo que mejore la capacidad de respuesta. El gobernador Leandro Zdero entreg\u00f3 una ambulancia con equipamiento de alta [&hellip;]<\/p>\n","protected":false},"author":2,"featured_media":5824,"comment_status":"open","ping_status":"open","sticky":false,"template":"","format":"standard","meta":{"footnotes":""},"categories":[27],"tags":[],"class_list":{"0":"post-5822","1":"post","2":"type-post","3":"status-publish","4":"format-standard","5":"has-post-thumbnail","7":"category-interior"},"aioseo_notices":[],"_links":{"self":[{"href":"https:\/\/lalupa24.com.ar\/index.php\/wp-json\/wp\/v2\/posts\/5822","targetHints":{"allow":["GET"]}}],"collection":[{"href":"https:\/\/lalupa24.com.ar\/index.php\/wp-json\/wp\/v2\/posts"}],"about":[{"href":"https:\/\/lalupa24.com.ar\/index.php\/wp-json\/wp\/v2\/types\/post"}],"author":[{"embeddable":true,"href":"https:\/\/lalupa24.com.ar\/index.php\/wp-json\/wp\/v2\/users\/2"}],"replies":[{"embeddable":true,"href":"https:\/\/lalupa24.com.ar\/index.php\/wp-json\/wp\/v2\/comments?post=5822"}],"version-history":[{"count":1,"href":"https:\/\/lalupa24.com.ar\/index.php\/wp-json\/wp\/v2\/posts\/5822\/revisions"}],"predecessor-version":[{"id":5826,"href":"https:\/\/lalupa24.com.ar\/index.php\/wp-json\/wp\/v2\/posts\/5822\/revisions\/5826"}],"wp:featuredmedia":[{"embeddable":true,"href":"https:\/\/lalupa24.com.ar\/index.php\/wp-json\/wp\/v2\/media\/5824"}],"wp:attachment":[{"href":"https:\/\/lalupa24.com.ar\/index.php\/wp-json\/wp\/v2\/media?parent=5822"}],"wp:term":[{"taxonomy":"category","embeddable":true,"href":"https:\/\/lalupa24.com.ar\/index.php\/wp-json\/wp\/v2\/categories?post=5822"},{"taxonomy":"post_tag","embeddable":true,"href":"https:\/\/lalupa24.com.ar\/index.php\/wp-json\/wp\/v2\/tags?post=5822"}],"curies":[{"name":"wp","href":"https:\/\/api.w.org\/{rel}","templated":true}]}}