{"id":5833,"date":"2025-04-18T22:11:08","date_gmt":"2025-04-19T01:11:08","guid":{"rendered":"https:\/\/lalupa24.com.ar\/?p=5833"},"modified":"2025-04-20T22:13:19","modified_gmt":"2025-04-21T01:13:19","slug":"capacitacion-docente-red-aprende","status":"publish","type":"post","link":"https:\/\/lalupa24.com.ar\/index.php\/2025\/04\/18\/capacitacion-docente-red-aprende\/","title":{"rendered":"Capacitaci\u00f3n docente \u201cred aprende\u201d"},"content":{"rendered":"\n<p><\/p>\n\n\n\n<p>Este programa busca mejorar la calidad educativa de las escuelas, con un impacto directo en mejorar los aprendizajes de los estudiantes. Convoca a construir una nueva escuela secundaria, atendiendo las situaciones diversas de los estudiantes de la actualidad.<\/p>\n\n\n\n<p>Esta semana se llevaron adelante dos jornadas intensas del segundo encuentro presencial en el marco de la capacitaci\u00f3n de Red Aprende con el desarrollo del Programa de Liderazgo e Innovaci\u00f3n Educativa, la primera en Resistencia, y la segunda en Presidencia Roque S\u00e1enz Pe\u00f1a. El encuentro reuni\u00f3 a m\u00e1s de 400 supervisores, equipos directivos y docentes de 200 escuelas secundarias de la provincia.<br>El Programa de Liderazgo e Innovaci\u00f3n Educativa, que est\u00e1 a cargo de la Fundaci\u00f3n Varkey, tiene el objetivo de trabajar sobre el capital profesional de directivos y docentes, buscando potenciar sus capacidades para el trabajo en colaboraci\u00f3n, la pr\u00e1ctica reflexiva y el desarrollo de un liderazgo virtuoso y competente, para que impacte favorablemente en los aprendizajes de los estudiantes y en la revalorizaci\u00f3n del rol docente.<\/p>\n\n\n\n<p>NAIDENOFF: \u201cEL LIDERAZGO ES MUY<br>IMPORTANTE HOY EN UNA ESCUELA\u201d<br>La ministra de Educaci\u00f3n, Sof\u00eda Naidenoff, acompa\u00f1\u00f3 este mi\u00e9rcoles el inicio de la jornada de capacitaci\u00f3n, en el Centro Cultural de Presidencia Roque S\u00e1enz Pe\u00f1a. All\u00ed, sostuvo que \u201cel liderazgo es muy importante hoy en una escuela, es fundamental para el rol del directivo; y queremos ir acompa\u00f1ando, porque sin acompa\u00f1amiento es muy dif\u00edcil que el docente desarrolle la tarea&#8221;.<br>Al respecto, se\u00f1al\u00f3 que \u201cen la escuela a veces pasan cosas en las que no nos formamos, y la escuela hoy es una contenci\u00f3n, la que refleja el problema social. Entonces, si no le ofrecemos las herramientas necesarias, en vano ser\u00e1 decirles que puedan acompa\u00f1ar la trayectoria del docente o hacer un cambio en el aula. Juntos podemos construir esto que nos est\u00e1 reclamando la sociedad\u201d.<br>La subsecretaria de Educaci\u00f3n, Isabel Sanchuk, por su parte, precis\u00f3 que \u201cpensar en un nuevo proyecto educativo, en una estructura como la escuela secundaria, necesita por sobre todas las cosas repensar, reflexionar, redireccionar muchas veces las acciones, empezar a pensar que tenemos que caminar, que tenemos que andar, y en ese andar vamos a encontrarnos con muchos aspectos que van desde lo administrativo, lo pedag\u00f3gico, lo emocional, lo curricular, lo comunitario&#8221;, y que esta capacitaci\u00f3n brindar\u00e1 &#8220;t\u00e9cnicas que nos va a atravesar y seguramente nos va a hacer redireccionar nuevamente nuestro trabajo en el aula, en la escuela, en la direcci\u00f3n\u201d.<\/p>\n\n\n\n<p>\u201cES LA ESCUELA LA QUE TIENE LA CAPACIDAD<br>DE DESARROLLAR LA JUSTICIA EDUCATIVA\u201d<br>Ana Casiva, miembro del equipo pedag\u00f3gico de la Fundaci\u00f3n Varkey, se\u00f1al\u00f3 que este programa de formaci\u00f3n docente dirigido a docentes y directores &#8220;busca mejorar la calidad educativa de las escuelas, con un impacto directo en mejorar los aprendizajes de los estudiantes\u201d, explicando que a trav\u00e9s de este trayecto se abordan diferentes tem\u00e1ticas, centradas en el liderazgo. Asimismo, destac\u00f3 que \u201cla impronta de la Fundaci\u00f3n Varkey es usar una metodolog\u00eda de taller, buscando que haya un gran involucramiento de los docentes participantes, porque ellos son quienes tienen a cargo lograr las transformaciones en las escuelas\u201d.<br>\u201cDesde la fundaci\u00f3n estamos convencidos de que la educaci\u00f3n es el camino para lograr transformaciones y achicar las brechas de inequidad que hay en la sociedad. Pensamos que es la escuela la que tiene la capacidad de desarrollar la justicia educativa, y los docentes son los actores\u201d, expres\u00f3, afirmando que \u201cel liderazgo es una clave de transformaci\u00f3n y los docentes siempre est\u00e1n \u00e1vidos de fortalecer su capacidad&#8221;, por lo que en estos encuentros &#8220;tienen la oportunidad de conversar entre ellos, de debatir, integrar nuevos enfoques&#8221;, y desde Varkey se busca generar esos espacios &#8220;para que los docentes descubran la capacidad que hay en ellos\u201d.<br>Acompa\u00f1aron, la directora general de Gesti\u00f3n Educativa, Mirta Candia; la directora general de Inclusi\u00f3n Educativa, Elba Altamiranda; la directora de Nivel Secundario, Elizabeth Salto; el director de Educaci\u00f3n Superior, Luis Monz\u00f3n; directores regionales y equipo pedag\u00f3gico de la Fundaci\u00f3n Varkey.<\/p>\n","protected":false},"excerpt":{"rendered":"<p>Este programa busca mejorar la calidad educativa de las escuelas, con un impacto directo en mejorar los aprendizajes de los estudiantes. Convoca a construir una nueva escuela secundaria, atendiendo las situaciones diversas de los estudiantes de la actualidad. Esta semana se llevaron adelante dos jornadas intensas del segundo encuentro presencial en el marco de la [&hellip;]<\/p>\n","protected":false},"author":2,"featured_media":5834,"comment_status":"open","ping_status":"open","sticky":false,"template":"","format":"standard","meta":{"footnotes":""},"categories":[27],"tags":[],"class_list":{"0":"post-5833","1":"post","2":"type-post","3":"status-publish","4":"format-standard","5":"has-post-thumbnail","7":"category-interior"},"aioseo_notices":[],"_links":{"self":[{"href":"https:\/\/lalupa24.com.ar\/index.php\/wp-json\/wp\/v2\/posts\/5833","targetHints":{"allow":["GET"]}}],"collection":[{"href":"https:\/\/lalupa24.com.ar\/index.php\/wp-json\/wp\/v2\/posts"}],"about":[{"href":"https:\/\/lalupa24.com.ar\/index.php\/wp-json\/wp\/v2\/types\/post"}],"author":[{"embeddable":true,"href":"https:\/\/lalupa24.com.ar\/index.php\/wp-json\/wp\/v2\/users\/2"}],"replies":[{"embeddable":true,"href":"https:\/\/lalupa24.com.ar\/index.php\/wp-json\/wp\/v2\/comments?post=5833"}],"version-history":[{"count":1,"href":"https:\/\/lalupa24.com.ar\/index.php\/wp-json\/wp\/v2\/posts\/5833\/revisions"}],"predecessor-version":[{"id":5835,"href":"https:\/\/lalupa24.com.ar\/index.php\/wp-json\/wp\/v2\/posts\/5833\/revisions\/5835"}],"wp:featuredmedia":[{"embeddable":true,"href":"https:\/\/lalupa24.com.ar\/index.php\/wp-json\/wp\/v2\/media\/5834"}],"wp:attachment":[{"href":"https:\/\/lalupa24.com.ar\/index.php\/wp-json\/wp\/v2\/media?parent=5833"}],"wp:term":[{"taxonomy":"category","embeddable":true,"href":"https:\/\/lalupa24.com.ar\/index.php\/wp-json\/wp\/v2\/categories?post=5833"},{"taxonomy":"post_tag","embeddable":true,"href":"https:\/\/lalupa24.com.ar\/index.php\/wp-json\/wp\/v2\/tags?post=5833"}],"curies":[{"name":"wp","href":"https:\/\/api.w.org\/{rel}","templated":true}]}}