{"id":5839,"date":"2025-04-18T10:16:00","date_gmt":"2025-04-18T13:16:00","guid":{"rendered":"https:\/\/lalupa24.com.ar\/?p=5839"},"modified":"2025-04-20T23:03:41","modified_gmt":"2025-04-21T02:03:41","slug":"zdero-en-la-peatonal-de-resistencia-este-11-de-mayo-es-la-oportunidad-de-ratificar-el-rumbo-de-lo-que-venimos-haciendo","status":"publish","type":"post","link":"https:\/\/lalupa24.com.ar\/index.php\/2025\/04\/18\/zdero-en-la-peatonal-de-resistencia-este-11-de-mayo-es-la-oportunidad-de-ratificar-el-rumbo-de-lo-que-venimos-haciendo\/","title":{"rendered":"Zdero en la peatonal de resistencia \u201ceste 11 de mayo es la oportunidad de ratificar el rumbo de lo que venimos haciendo\u201d"},"content":{"rendered":"\n<p><\/p>\n\n\n\n<p><\/p>\n\n\n\n<p>El gobernador Leandro Zdero, junto al primer candidato por \u201cChaco Puede + La Libertad Avanza\u201d, Julio Ferro, estuvieron ayer en la Peatonal de la ciudad de Resistencia. El primer mandatario provincial dialog\u00f3 con comerciantes de la zona, vecinos de Resistencia y de otras localidades que aprovechan el fin de semana largo para visitar la capital chaque\u00f1a.<\/p>\n\n\n\n<p>El Gobernador expres\u00f3 su alegr\u00eda y entusiasmo por el acompa\u00f1amiento y apoyo que le demostraron los chaque\u00f1os en las diversas recorridas que realiz\u00f3 en las \u00faltimas semanas a lo largo y ancho de toda la provincia. \u201cnos toc\u00f3 transitar por la peatonal, presentando nuestras propuestas y pidi\u00e9ndole a los vecinos y comerciantes que nos acompa\u00f1en. Fue un tiempo muy lindo y recibimos mucho aliento\u201d, se\u00f1al\u00f3.<br>En ese sentido, Zdero tambi\u00e9n puntualiz\u00f3 que el mensaje que le transmite la gente es positivo. \u201cNos dicen que estamos por el buen camino, entendieron la transformaci\u00f3n que hemos logrado y entendieron que el desorden no es el camino porque uno termina poniendo parches. Se necesita poder planificar a mediano y largo plazo\u201d, aclar\u00f3.<\/p>\n\n\n\n<p>De esa manera, el jefe del Ejecutivo provincial volvi\u00f3 a poner el foco en la importancia de haber terminado con los piquetes que tanto da\u00f1o causaban a los ciudadanos chaque\u00f1os en sus actividades cotidianas. \u201cLos comerciantes nos dec\u00edan \u2018gracias a Dios podemos vivir tranquilos en el centro y no tener miedo\u2019\u201d, precis\u00f3.<br>Por \u00faltimo, pidi\u00f3 a la gente el acompa\u00f1amiento de caras a las elecciones legislativas del 11 de mayo. \u201cNosotros estamos haciendo un esfuerzo extraordinario para transformar esta provincia y esta es la oportunidad de ratificar todo lo que hicimos hasta el momento, pero tambi\u00e9n es la oportunidad de abrazar un futuro de oportunidades y de crecimiento a trav\u00e9s del trabajo. Tenemos que ser una provincia previsible, que no se conforme solamente con lo que recibimos, sino que se transforme generando tambi\u00e9n oportunidades para todos\u201d, finaliz\u00f3.<\/p>\n\n\n\n<p><em>JULIO FERRO: \u201cHOY SE PUEDE TRABAJAR Y CIRCULAR LIBREMENTE POR EL CENTRO PORQUE NO HAY M\u00c1S PIQUETES\u201d<\/em><br>El primer candidato a diputado provincial por \u201cChaco Puede + La Libertad Avanza\u201d, Julio Ferro, dialog\u00f3 con los vecinos y comerciantes para transmitir la propuesta de orden, cambio y transparencia que impulsa la gesti\u00f3n de Leandro Zdero.<br>\u201cHablamos con los comerciantes y vecinos de la zona, nos dieron su se\u00f1al de aliento y tambi\u00e9n nos transmitieron sus inquietudes. Tambi\u00e9n nos comentaron que hoy se puede trabajar libremente por el centro, que ya no hay piquetes ni piqueteros\u201d, remarc\u00f3 Ferro, y destac\u00f3 que los vecinos de Resistencia valoran los avances en materia de seguridad que logr\u00f3 el Gobierno provincial.<br>En esa l\u00ednea, asever\u00f3: \u201cLos chaque\u00f1os quieren ratificar este rumbo de la gesti\u00f3n de Gobierno, realmente se alegran de que por fin hay gente nueva y que no son los mismos de siempre\u201d.<br>\u201cPor eso, este 11 de mayo pedimos que nos acompa\u00f1en porque necesitamos tener mayor\u00eda en la Legislatura y tener gente en la C\u00e1mara de Diputados que realmente acompa\u00f1e a este Gobierno que quiere hacer bien las cosas. Hemos presentado, por ejemplo, proyectos para la baja de impuestos, queremos mayores incentivos para acompa\u00f1ar a la gente que trabaja\u201d, se\u00f1al\u00f3 Ferro.<br>Para finalizar, coment\u00f3: \u201cEste 11 de mayo tenemos una oportunidad hist\u00f3rica: dejar atr\u00e1s el pasado que tanto mal nos ha hecho. Hay quienes ya estuvieron muchos a\u00f1os gobernando y hoy dicen que son la soluci\u00f3n, pero no lo son. Nosotros, en cambio, vamos a trabajar fuertemente en la Legislatura para ayudar a todos los chaque\u00f1os\u201d.<\/p>\n","protected":false},"excerpt":{"rendered":"<p>El gobernador Leandro Zdero, junto al primer candidato por \u201cChaco Puede + La Libertad Avanza\u201d, Julio Ferro, estuvieron ayer en la Peatonal de la ciudad de Resistencia. El primer mandatario provincial dialog\u00f3 con comerciantes de la zona, vecinos de Resistencia y de otras localidades que aprovechan el fin de semana largo para visitar la capital [&hellip;]<\/p>\n","protected":false},"author":2,"featured_media":5840,"comment_status":"open","ping_status":"open","sticky":false,"template":"","format":"standard","meta":{"footnotes":""},"categories":[28],"tags":[],"class_list":{"0":"post-5839","1":"post","2":"type-post","3":"status-publish","4":"format-standard","5":"has-post-thumbnail","7":"category-locales"},"aioseo_notices":[],"_links":{"self":[{"href":"https:\/\/lalupa24.com.ar\/index.php\/wp-json\/wp\/v2\/posts\/5839","targetHints":{"allow":["GET"]}}],"collection":[{"href":"https:\/\/lalupa24.com.ar\/index.php\/wp-json\/wp\/v2\/posts"}],"about":[{"href":"https:\/\/lalupa24.com.ar\/index.php\/wp-json\/wp\/v2\/types\/post"}],"author":[{"embeddable":true,"href":"https:\/\/lalupa24.com.ar\/index.php\/wp-json\/wp\/v2\/users\/2"}],"replies":[{"embeddable":true,"href":"https:\/\/lalupa24.com.ar\/index.php\/wp-json\/wp\/v2\/comments?post=5839"}],"version-history":[{"count":2,"href":"https:\/\/lalupa24.com.ar\/index.php\/wp-json\/wp\/v2\/posts\/5839\/revisions"}],"predecessor-version":[{"id":5844,"href":"https:\/\/lalupa24.com.ar\/index.php\/wp-json\/wp\/v2\/posts\/5839\/revisions\/5844"}],"wp:featuredmedia":[{"embeddable":true,"href":"https:\/\/lalupa24.com.ar\/index.php\/wp-json\/wp\/v2\/media\/5840"}],"wp:attachment":[{"href":"https:\/\/lalupa24.com.ar\/index.php\/wp-json\/wp\/v2\/media?parent=5839"}],"wp:term":[{"taxonomy":"category","embeddable":true,"href":"https:\/\/lalupa24.com.ar\/index.php\/wp-json\/wp\/v2\/categories?post=5839"},{"taxonomy":"post_tag","embeddable":true,"href":"https:\/\/lalupa24.com.ar\/index.php\/wp-json\/wp\/v2\/tags?post=5839"}],"curies":[{"name":"wp","href":"https:\/\/api.w.org\/{rel}","templated":true}]}}