{"id":5858,"date":"2025-04-19T11:06:00","date_gmt":"2025-04-19T14:06:00","guid":{"rendered":"https:\/\/lalupa24.com.ar\/?p=5858"},"modified":"2025-04-20T23:12:01","modified_gmt":"2025-04-21T02:12:01","slug":"educacion-reivindica-los-derechos","status":"publish","type":"post","link":"https:\/\/lalupa24.com.ar\/index.php\/2025\/04\/19\/educacion-reivindica-los-derechos\/","title":{"rendered":"Educaci\u00f3n reivindica los derechos e invita a las actividades por la semana de los pueblos originarios de America"},"content":{"rendered":"\n<p><\/p>\n\n\n\n<p>El Ministerio de Educaci\u00f3n, Cultura, Ciencia y Tecnolog\u00eda de la Provincia del Chaco, a trav\u00e9s de la Subsecretar\u00eda de Interculturalidad y Pluriling\u00fcismo recuerda que el s\u00e1bado 19 de abril es el D\u00eda de los Pueblos Originarios de Am\u00e9rica, porque en esa fecha en 1940 se celebr\u00f3 el Primer Congreso Indigenista Interamericano, que reuni\u00f3 a representantes de 19 pa\u00edses del continente y a delegados de diversos pueblos originarios, y se cre\u00f3 el Instituto Indigenista Interamericano. Desde entonces, cada 19 de abril se conmemora el D\u00eda de los Pueblos Originarios de Am\u00e9rica, con el prop\u00f3sito de visibilizar y reconocer los derechos de los pueblos originarios.<br>Al respecto, la subsecretaria de Interculturalidad y Pluriling\u00fcismo, Vilma Coria, docente del pueblo wichi, expres\u00f3: \u201cCelebramos con orgullo los logros alcanzados y profundizamos las pol\u00edticas ling\u00fc\u00edsticas orientadas a fortalecer las lenguas ind\u00edgenas\u201d. En este marco, invit\u00f3 a la comunidad educativa, y a la sociedad en general, a participar de las diversas actividades organizadas por el Ministerio de Educaci\u00f3n en la Semana de los Pueblos Ind\u00edgenas, que <em>se desarrollar\u00e1 del lunes 21 al viernes 25 de abril, \u201ccon el prop\u00f3sito de poner en valor las diferentes culturas ind\u00edgenas que enriquecen la identidad de nuestra provincia\u201d.<\/em><br>Cabe se\u00f1alar que la Argentina adhiri\u00f3 a esta fecha, con el acuerdo del Congreso en 1945, institucionalizando esta conmemoraci\u00f3n mediante el Decreto Nacional N\u00ba 7550. A partir de ese momento, los pueblos ind\u00edgenas de nuestro pa\u00eds han avanzado en el reconocimiento de sus derechos.<br>En el Chaco, en 1987 se cre\u00f3 el Instituto del Aborigen Chaque\u00f1o (IDACH) mediante la Ley Provincial N\u00ba 562-W. Posteriormente, la sanci\u00f3n de la Ley Provincial N\u00ba 1848-W, que reconoci\u00f3 oficialmente las lenguas de las poblaciones ind\u00edgenas del Chaco, marc\u00f3 un hito fundamental en el respeto y la promoci\u00f3n de la diversidad ling\u00fc\u00edstica y cultural.<\/p>\n","protected":false},"excerpt":{"rendered":"<p>El Ministerio de Educaci\u00f3n, Cultura, Ciencia y Tecnolog\u00eda de la Provincia del Chaco, a trav\u00e9s de la Subsecretar\u00eda de Interculturalidad y Pluriling\u00fcismo recuerda que el s\u00e1bado 19 de abril es el D\u00eda de los Pueblos Originarios de Am\u00e9rica, porque en esa fecha en 1940 se celebr\u00f3 el Primer Congreso Indigenista Interamericano, que reuni\u00f3 a representantes [&hellip;]<\/p>\n","protected":false},"author":2,"featured_media":5859,"comment_status":"open","ping_status":"open","sticky":false,"template":"","format":"standard","meta":{"footnotes":""},"categories":[28],"tags":[],"class_list":{"0":"post-5858","1":"post","2":"type-post","3":"status-publish","4":"format-standard","5":"has-post-thumbnail","7":"category-locales"},"aioseo_notices":[],"_links":{"self":[{"href":"https:\/\/lalupa24.com.ar\/index.php\/wp-json\/wp\/v2\/posts\/5858","targetHints":{"allow":["GET"]}}],"collection":[{"href":"https:\/\/lalupa24.com.ar\/index.php\/wp-json\/wp\/v2\/posts"}],"about":[{"href":"https:\/\/lalupa24.com.ar\/index.php\/wp-json\/wp\/v2\/types\/post"}],"author":[{"embeddable":true,"href":"https:\/\/lalupa24.com.ar\/index.php\/wp-json\/wp\/v2\/users\/2"}],"replies":[{"embeddable":true,"href":"https:\/\/lalupa24.com.ar\/index.php\/wp-json\/wp\/v2\/comments?post=5858"}],"version-history":[{"count":2,"href":"https:\/\/lalupa24.com.ar\/index.php\/wp-json\/wp\/v2\/posts\/5858\/revisions"}],"predecessor-version":[{"id":5862,"href":"https:\/\/lalupa24.com.ar\/index.php\/wp-json\/wp\/v2\/posts\/5858\/revisions\/5862"}],"wp:featuredmedia":[{"embeddable":true,"href":"https:\/\/lalupa24.com.ar\/index.php\/wp-json\/wp\/v2\/media\/5859"}],"wp:attachment":[{"href":"https:\/\/lalupa24.com.ar\/index.php\/wp-json\/wp\/v2\/media?parent=5858"}],"wp:term":[{"taxonomy":"category","embeddable":true,"href":"https:\/\/lalupa24.com.ar\/index.php\/wp-json\/wp\/v2\/categories?post=5858"},{"taxonomy":"post_tag","embeddable":true,"href":"https:\/\/lalupa24.com.ar\/index.php\/wp-json\/wp\/v2\/tags?post=5858"}],"curies":[{"name":"wp","href":"https:\/\/api.w.org\/{rel}","templated":true}]}}