{"id":5891,"date":"2025-04-21T09:32:28","date_gmt":"2025-04-21T12:32:28","guid":{"rendered":"https:\/\/lalupa24.com.ar\/?p=5891"},"modified":"2025-04-21T09:32:30","modified_gmt":"2025-04-21T12:32:30","slug":"donald-trump-expreso-sus-condolencias-por-la-muerte-de-francisco-que-dios-lo-bendiga","status":"publish","type":"post","link":"https:\/\/lalupa24.com.ar\/index.php\/2025\/04\/21\/donald-trump-expreso-sus-condolencias-por-la-muerte-de-francisco-que-dios-lo-bendiga\/","title":{"rendered":"Donald Trump expres\u00f3 sus condolencias por la muerte de Francisco: \u201cQue Dios lo bendiga\u201d"},"content":{"rendered":"\n<p>El&nbsp;<strong>papa Francisco<\/strong>&nbsp;muri\u00f3 este lunes a las&nbsp;<strong>7:35 horas (5:35 GMT)<\/strong>&nbsp;en su residencia de la&nbsp;<strong>Casa Santa Marta<\/strong>, en el Vaticano, inform\u00f3 el&nbsp;<strong>camarlengo del Vaticano<\/strong>, el&nbsp;<strong>cardenal Kevin Joseph Farrell<\/strong>, en un emotivo mensaje grabado. El pont\u00edfice argentino, de&nbsp;<strong>88 a\u00f1os<\/strong>, hab\u00eda estado convaleciente tras sufrir&nbsp;<strong>neumon\u00eda<\/strong>&nbsp;y otras complicaciones graves de salud durante los \u00faltimos meses.<\/p>\n\n\n\n<p>\u201c<strong>Con profundo dolor tengo que anunciar que el papa Francisco ha muerto a las 7:35 horas de hoy. El obispo de Roma ha vuelto a la casa del Padre<\/strong>\u201d, expres\u00f3 el cardenal Farrell en el video difundido a trav\u00e9s de los canales oficiales del Vaticano.<\/p>\n\n\n\n<p>En sus palabras, destac\u00f3 el legado del papa Francisco:&nbsp;<strong>\u201cSu vida entera ha estado dedicada al servicio del Se\u00f1or y de su Iglesia, y nos ha ense\u00f1ado el valor del evangelio con fidelidad, valor y amor universal, especialmente a favor de los m\u00e1s pobres y marginado<\/strong>s.\u201d<\/p>\n\n\n\n<p>El mensaje continu\u00f3 con un reconocimiento a la vida del pont\u00edfice: \u201cCon inmensa gratitud por su ejemplo como disc\u00edpulo del Se\u00f1or Jes\u00fas, recomendamos el alma del papa Francisco al infinito amor misericordioso de Dios Uno y Trino.\u201d<\/p>\n\n\n\n<p>En el video, grabado en la capilla de la Casa Santa Marta, tambi\u00e9n estuvieron presentes el&nbsp;<strong>cardenal Pietro Parolin<\/strong>,&nbsp;<strong>secretario de Estado del Vaticano<\/strong>, y el&nbsp;<strong>cardenal Edgar Pe\u00f1a Parra<\/strong>, sustituto de la Secretar\u00eda de Estado, quienes acompa\u00f1aron al camarlengo en este solemne momento.<\/p>\n","protected":false},"excerpt":{"rendered":"<p>El&nbsp;papa Francisco&nbsp;muri\u00f3 este lunes a las&nbsp;7:35 horas (5:35 GMT)&nbsp;en su residencia de la&nbsp;Casa Santa Marta, en el Vaticano, inform\u00f3 el&nbsp;camarlengo del Vaticano, el&nbsp;cardenal Kevin Joseph Farrell, en un emotivo mensaje grabado. El pont\u00edfice argentino, de&nbsp;88 a\u00f1os, hab\u00eda estado convaleciente tras sufrir&nbsp;neumon\u00eda&nbsp;y otras complicaciones graves de salud durante los \u00faltimos meses. \u201cCon profundo dolor tengo que [&hellip;]<\/p>\n","protected":false},"author":2,"featured_media":5893,"comment_status":"open","ping_status":"open","sticky":false,"template":"","format":"standard","meta":{"footnotes":""},"categories":[25],"tags":[],"class_list":{"0":"post-5891","1":"post","2":"type-post","3":"status-publish","4":"format-standard","5":"has-post-thumbnail","7":"category-internacionales"},"aioseo_notices":[],"_links":{"self":[{"href":"https:\/\/lalupa24.com.ar\/index.php\/wp-json\/wp\/v2\/posts\/5891","targetHints":{"allow":["GET"]}}],"collection":[{"href":"https:\/\/lalupa24.com.ar\/index.php\/wp-json\/wp\/v2\/posts"}],"about":[{"href":"https:\/\/lalupa24.com.ar\/index.php\/wp-json\/wp\/v2\/types\/post"}],"author":[{"embeddable":true,"href":"https:\/\/lalupa24.com.ar\/index.php\/wp-json\/wp\/v2\/users\/2"}],"replies":[{"embeddable":true,"href":"https:\/\/lalupa24.com.ar\/index.php\/wp-json\/wp\/v2\/comments?post=5891"}],"version-history":[{"count":1,"href":"https:\/\/lalupa24.com.ar\/index.php\/wp-json\/wp\/v2\/posts\/5891\/revisions"}],"predecessor-version":[{"id":5894,"href":"https:\/\/lalupa24.com.ar\/index.php\/wp-json\/wp\/v2\/posts\/5891\/revisions\/5894"}],"wp:featuredmedia":[{"embeddable":true,"href":"https:\/\/lalupa24.com.ar\/index.php\/wp-json\/wp\/v2\/media\/5893"}],"wp:attachment":[{"href":"https:\/\/lalupa24.com.ar\/index.php\/wp-json\/wp\/v2\/media?parent=5891"}],"wp:term":[{"taxonomy":"category","embeddable":true,"href":"https:\/\/lalupa24.com.ar\/index.php\/wp-json\/wp\/v2\/categories?post=5891"},{"taxonomy":"post_tag","embeddable":true,"href":"https:\/\/lalupa24.com.ar\/index.php\/wp-json\/wp\/v2\/tags?post=5891"}],"curies":[{"name":"wp","href":"https:\/\/api.w.org\/{rel}","templated":true}]}}