{"id":5895,"date":"2025-04-21T09:33:32","date_gmt":"2025-04-21T12:33:32","guid":{"rendered":"https:\/\/lalupa24.com.ar\/?p=5895"},"modified":"2025-04-21T09:33:33","modified_gmt":"2025-04-21T12:33:33","slug":"le-pedi-al-senor-que-no-me-agarre-inconsciente-que-pensaba-el-papa-sobre-la-muerte","status":"publish","type":"post","link":"https:\/\/lalupa24.com.ar\/index.php\/2025\/04\/21\/le-pedi-al-senor-que-no-me-agarre-inconsciente-que-pensaba-el-papa-sobre-la-muerte\/","title":{"rendered":"\u201cLe ped\u00ed al Se\u00f1or que no me agarre inconsciente\u201d: qu\u00e9 pensaba el Papa sobre la muerte"},"content":{"rendered":"\n<p>La noticia del fallecimiento del Papa Francisco, ocurrida este lunes por la ma\u00f1ana, ha conmocionado al mundo. El Vaticano confirm\u00f3 su deceso, que lleg\u00f3 pocos d\u00edas despu\u00e9s de su \u00faltima aparici\u00f3n p\u00fablica, en la que celebr\u00f3 la misa de Pascua desde el balc\u00f3n de la Bas\u00edlica de San Pedro, una tradici\u00f3n que, en esta ocasi\u00f3n, se vio marcada por su fr\u00e1gil estado de salud.<\/p>\n\n\n\n<p>Cuatro d\u00edas antes de su muerte, en una entrevista con <em>Infobae<\/em>, el Papa habl\u00f3 con serenidad sobre su visi\u00f3n de la muerte. Expres\u00f3 que no le tem\u00eda, que la aceptaba como un paso inevitable, y afirm\u00f3 que su \u00fanico deseo era &#8220;verla venir&#8221;. Record\u00f3 que hab\u00eda tenido momentos de preocupaci\u00f3n por su salud, como cuando se someti\u00f3 a una cirug\u00eda riesgosa, pero dijo haberle pedido a Dios no ser sorprendido &#8220;inconsciente&#8221;.<\/p>\n\n\n\n<p>El Papa, de 88 a\u00f1os, hab\u00eda estado luchando con varios problemas de salud en los \u00faltimos a\u00f1os, que incluyeron una operaci\u00f3n de intestinos en 2021 y problemas de movilidad por su rodilla, lo que lo llev\u00f3 a usar silla de ruedas. A pesar de estas dificultades, Francisco continu\u00f3 con su labor pastoral, mostrando una fortaleza espiritual admirable. En sus \u00faltimas declaraciones, habl\u00f3 con esperanza sobre la muerte, sugiriendo que m\u00e1s all\u00e1 de ella habr\u00eda &#8220;una luz muy grande, una felicidad muy grande&#8221;, al encontrarse con Dios.<\/p>\n\n\n\n<p>Durante su \u00faltima aparici\u00f3n p\u00fablica, Francisco, ya debilitado, dirigi\u00f3 la tradicional bendici\u00f3n &#8220;Urbi et Orbi&#8221; desde su silla de ruedas. En su mensaje, hizo un llamamiento a la libertad de pensamiento y a la tolerancia, mientras abogaba por la paz, el respeto por los derechos humanos y la ayuda a los m\u00e1s necesitados, adem\u00e1s de pedir el fin de los conflictos en Medio Oriente.<\/p>\n\n\n\n<p>A pesar de su delicado estado, la aparici\u00f3n fue recibida con una gran ovaci\u00f3n por los miles de fieles que se congregaron en la Plaza de San Pedro, destacando la fortaleza espiritual del Papa en sus \u00faltimos momentos.<\/p>\n\n\n\n<p>Francisco enfrent\u00f3 varios desaf\u00edos de salud en los \u00faltimos a\u00f1os, incluyendo intensos dolores y una neumon\u00eda bilateral que lo debilit\u00f3 a\u00fan m\u00e1s. Sin embargo, su determinaci\u00f3n de seguir al frente de la Iglesia Cat\u00f3lica fue una constante en su vida.<\/p>\n\n\n\n<p>El protocolo del Vaticano ante su fallecimiento seguir\u00e1 un conjunto de ceremonias y tradiciones bien establecidas, lo que marcar\u00e1 el fin de una era en la Iglesia y un per\u00edodo de luto para millones de personas en todo el mundo.<\/p>\n\n\n\n<p>Su fallecimiento es un momento hist\u00f3rico, no solo para la Iglesia Cat\u00f3lica, sino tambi\u00e9n para el mundo, dado el impacto global de su pontificado.<\/p>\n","protected":false},"excerpt":{"rendered":"<p>La noticia del fallecimiento del Papa Francisco, ocurrida este lunes por la ma\u00f1ana, ha conmocionado al mundo. El Vaticano confirm\u00f3 su deceso, que lleg\u00f3 pocos d\u00edas despu\u00e9s de su \u00faltima aparici\u00f3n p\u00fablica, en la que celebr\u00f3 la misa de Pascua desde el balc\u00f3n de la Bas\u00edlica de San Pedro, una tradici\u00f3n que, en esta ocasi\u00f3n, [&hellip;]<\/p>\n","protected":false},"author":2,"featured_media":5896,"comment_status":"open","ping_status":"open","sticky":false,"template":"","format":"standard","meta":{"footnotes":""},"categories":[25],"tags":[],"class_list":{"0":"post-5895","1":"post","2":"type-post","3":"status-publish","4":"format-standard","5":"has-post-thumbnail","7":"category-internacionales"},"aioseo_notices":[],"_links":{"self":[{"href":"https:\/\/lalupa24.com.ar\/index.php\/wp-json\/wp\/v2\/posts\/5895","targetHints":{"allow":["GET"]}}],"collection":[{"href":"https:\/\/lalupa24.com.ar\/index.php\/wp-json\/wp\/v2\/posts"}],"about":[{"href":"https:\/\/lalupa24.com.ar\/index.php\/wp-json\/wp\/v2\/types\/post"}],"author":[{"embeddable":true,"href":"https:\/\/lalupa24.com.ar\/index.php\/wp-json\/wp\/v2\/users\/2"}],"replies":[{"embeddable":true,"href":"https:\/\/lalupa24.com.ar\/index.php\/wp-json\/wp\/v2\/comments?post=5895"}],"version-history":[{"count":1,"href":"https:\/\/lalupa24.com.ar\/index.php\/wp-json\/wp\/v2\/posts\/5895\/revisions"}],"predecessor-version":[{"id":5897,"href":"https:\/\/lalupa24.com.ar\/index.php\/wp-json\/wp\/v2\/posts\/5895\/revisions\/5897"}],"wp:featuredmedia":[{"embeddable":true,"href":"https:\/\/lalupa24.com.ar\/index.php\/wp-json\/wp\/v2\/media\/5896"}],"wp:attachment":[{"href":"https:\/\/lalupa24.com.ar\/index.php\/wp-json\/wp\/v2\/media?parent=5895"}],"wp:term":[{"taxonomy":"category","embeddable":true,"href":"https:\/\/lalupa24.com.ar\/index.php\/wp-json\/wp\/v2\/categories?post=5895"},{"taxonomy":"post_tag","embeddable":true,"href":"https:\/\/lalupa24.com.ar\/index.php\/wp-json\/wp\/v2\/tags?post=5895"}],"curies":[{"name":"wp","href":"https:\/\/api.w.org\/{rel}","templated":true}]}}