{"id":5898,"date":"2025-04-21T09:34:42","date_gmt":"2025-04-21T12:34:42","guid":{"rendered":"https:\/\/lalupa24.com.ar\/?p=5898"},"modified":"2025-04-21T09:34:43","modified_gmt":"2025-04-21T12:34:43","slug":"como-sera-el-protocolo-del-vaticano-tras-la-muerte-del-papa-francisco","status":"publish","type":"post","link":"https:\/\/lalupa24.com.ar\/index.php\/2025\/04\/21\/como-sera-el-protocolo-del-vaticano-tras-la-muerte-del-papa-francisco\/","title":{"rendered":"C\u00f3mo ser\u00e1 el protocolo del Vaticano tras la muerte del papa Francisco"},"content":{"rendered":"\n<p>El protocolo establecido por el Vaticano para los funerales del Papa Francisco es un proceso detallado que refleja la solemnidad y tradici\u00f3n de la Iglesia Cat\u00f3lica. Tras la muerte del Papa, el proceso de transici\u00f3n comienza con una serie de rituales bien definidos.<\/p>\n\n\n\n<p>Uno de los principales cambios introducidos por el Papa Francisco en 2024 fue la modificaci\u00f3n del &#8220;Ordo Exsequiarum Romani Pontificis&#8221;, el documento que regula el rito funerario. Este ajuste busc\u00f3 simplificar algunos aspectos de la ceremonia y poner un mayor \u00e9nfasis en la fe en Cristo resucitado. La eliminaci\u00f3n de rituales antiguos, como el golpe en la frente del Papa fallecido por el camarlengo, marca un cambio significativo en los procedimientos tradicionales.<\/p>\n\n\n\n<p>En cuanto al manejo f\u00edsico del cuerpo del Papa, este ser\u00e1 colocado en un ata\u00fad de madera con interior de zinc, sustituyendo el sistema previo de tres ata\u00fades (cipr\u00e9s, plomo y roble). El cuerpo ser\u00e1 expuesto en la Bas\u00edlica de San Pedro, sin el uso de un catafalco ni la colocaci\u00f3n del b\u00e1culo papal. Esta decisi\u00f3n refleja una simplificaci\u00f3n en la ceremonia, pero tambi\u00e9n honra la tradici\u00f3n al permitir que los fieles rindan homenaje.<\/p>\n\n\n\n<p>La misa exequial se celebrar\u00e1 en la Plaza de San Pedro y ser\u00e1 presidida por el decano del Colegio Cardenalicio. Durante esta ceremonia, se evitar\u00e1n t\u00edtulos de poder temporal, y el Papa ser\u00e1 referido como &#8220;Obispo de Roma&#8221; o &#8220;Pastor&#8221;. La misa tambi\u00e9n contar\u00e1 con un enfoque sencillo, destacando la figura espiritual y pastoral del Papa.<\/p>\n\n\n\n<p>Tras la misa, el f\u00e9retro ser\u00e1 trasladado a la ubicaci\u00f3n de su sepultura. Francisco hab\u00eda expresado su deseo de ser enterrado en la Bas\u00edlica de Santa Mar\u00eda la Mayor, en Roma, en lugar de las tradicionales grutas vaticanas, donde suelen ser sepultados los papas. Este deseo marcar\u00e1 un momento \u00fanico en la tradici\u00f3n papal.<\/p>\n\n\n\n<p>El proceso de elecci\u00f3n del nuevo Papa comenzar\u00e1 inmediatamente despu\u00e9s del entierro, con el Colegio Cardenalicio convocando un c\u00f3nclave para elegir al sucesor. Durante el per\u00edodo de Sede Vacante, el camarlengo ser\u00e1 el encargado de gestionar los asuntos temporales de la Iglesia. La elecci\u00f3n del nuevo Papa se llevar\u00e1 a cabo a puerta cerrada, con los cardenales votando en secreto. El resultado se anunciar\u00e1 con la <em>fumata blanca<\/em>, se\u00f1al de que ha sido elegido un nuevo Papa, quien ser\u00e1 presentado a los fieles con el tradicional &#8220;Habemus Papam&#8221;.<\/p>\n\n\n\n<p>Adem\u00e1s, el Papa elegido ser\u00e1 reconocido por tres elementos simb\u00f3licos en su indumentaria: la sotana blanca, la f\u00e9rula (b\u00e1culo papal) y el anillo del pescador. Este anillo, que lleva el nombre del nuevo Papa, es un s\u00edmbolo \u00fanico que refleja su misi\u00f3n de &#8220;pescador de hombres&#8221;, tal como se describe en los Evangelios.<\/p>\n\n\n\n<p>El protocolo tambi\u00e9n incluye la tradicional destrucci\u00f3n del anillo del pescador tras la muerte del Papa, un acto simb\u00f3lico que marca el fin de su pontificado. Aunque en el caso de Benedicto XVI no se confirm\u00f3 si se realiz\u00f3 este proceso, es una parte fundamental del ritual tras la muerte de un Papa.<\/p>\n\n\n\n<p>Este protocolo no solo asegura el respeto por las tradiciones de la Iglesia, sino que tambi\u00e9n garantiza una transici\u00f3n ordenada en el liderazgo, permitiendo que la Iglesia Cat\u00f3lica contin\u00fae su misi\u00f3n sin interrupciones.<\/p>\n","protected":false},"excerpt":{"rendered":"<p>El protocolo establecido por el Vaticano para los funerales del Papa Francisco es un proceso detallado que refleja la solemnidad y tradici\u00f3n de la Iglesia Cat\u00f3lica. Tras la muerte del Papa, el proceso de transici\u00f3n comienza con una serie de rituales bien definidos. Uno de los principales cambios introducidos por el Papa Francisco en 2024 [&hellip;]<\/p>\n","protected":false},"author":2,"featured_media":5899,"comment_status":"open","ping_status":"open","sticky":false,"template":"","format":"standard","meta":{"footnotes":""},"categories":[25],"tags":[],"class_list":{"0":"post-5898","1":"post","2":"type-post","3":"status-publish","4":"format-standard","5":"has-post-thumbnail","7":"category-internacionales"},"aioseo_notices":[],"_links":{"self":[{"href":"https:\/\/lalupa24.com.ar\/index.php\/wp-json\/wp\/v2\/posts\/5898","targetHints":{"allow":["GET"]}}],"collection":[{"href":"https:\/\/lalupa24.com.ar\/index.php\/wp-json\/wp\/v2\/posts"}],"about":[{"href":"https:\/\/lalupa24.com.ar\/index.php\/wp-json\/wp\/v2\/types\/post"}],"author":[{"embeddable":true,"href":"https:\/\/lalupa24.com.ar\/index.php\/wp-json\/wp\/v2\/users\/2"}],"replies":[{"embeddable":true,"href":"https:\/\/lalupa24.com.ar\/index.php\/wp-json\/wp\/v2\/comments?post=5898"}],"version-history":[{"count":1,"href":"https:\/\/lalupa24.com.ar\/index.php\/wp-json\/wp\/v2\/posts\/5898\/revisions"}],"predecessor-version":[{"id":5900,"href":"https:\/\/lalupa24.com.ar\/index.php\/wp-json\/wp\/v2\/posts\/5898\/revisions\/5900"}],"wp:featuredmedia":[{"embeddable":true,"href":"https:\/\/lalupa24.com.ar\/index.php\/wp-json\/wp\/v2\/media\/5899"}],"wp:attachment":[{"href":"https:\/\/lalupa24.com.ar\/index.php\/wp-json\/wp\/v2\/media?parent=5898"}],"wp:term":[{"taxonomy":"category","embeddable":true,"href":"https:\/\/lalupa24.com.ar\/index.php\/wp-json\/wp\/v2\/categories?post=5898"},{"taxonomy":"post_tag","embeddable":true,"href":"https:\/\/lalupa24.com.ar\/index.php\/wp-json\/wp\/v2\/tags?post=5898"}],"curies":[{"name":"wp","href":"https:\/\/api.w.org\/{rel}","templated":true}]}}