{"id":5901,"date":"2025-04-21T09:40:13","date_gmt":"2025-04-21T12:40:13","guid":{"rendered":"https:\/\/lalupa24.com.ar\/?p=5901"},"modified":"2025-04-21T09:40:14","modified_gmt":"2025-04-21T12:40:14","slug":"asi-fue-la-ultima-aparicion-publica-del-papa-francisco-en-la-misa-de-pascuas","status":"publish","type":"post","link":"https:\/\/lalupa24.com.ar\/index.php\/2025\/04\/21\/asi-fue-la-ultima-aparicion-publica-del-papa-francisco-en-la-misa-de-pascuas\/","title":{"rendered":"As\u00ed fue la \u00faltima aparici\u00f3n p\u00fablica del papa Francisco en la misa de Pascuas"},"content":{"rendered":"\n<p>El papa Francisco falleci\u00f3 esta ma\u00f1ana a las 7:35 horas de Roma, seg\u00fan inform\u00f3 el Vaticano. Su muerte marca el fin de un pontificado que estuvo marcado por su cercan\u00eda con los m\u00e1s vulnerables, su compromiso con la justicia social y su llamamiento constante a la paz en el mundo.<\/p>\n\n\n\n<p>En su \u00faltima aparici\u00f3n p\u00fablica, realizada poco antes de su fallecimiento, el Papa particip\u00f3 en la misa de Pascua desde el balc\u00f3n de la bas\u00edlica de San Pedro, en una ceremonia donde, a pesar de su delicado estado de salud, expres\u00f3 un mensaje de esperanza y solidaridad. En silla de ruedas y sin las c\u00e1nulas nasales para el ox\u00edgeno, Bergoglio dirigi\u00f3 la tradicional bendici\u00f3n &#8220;Urbi et Orbi&#8221;, un mensaje que hizo un llamamiento a la libertad religiosa como pilar fundamental para alcanzar la paz en el mundo. Ante unas 35.000 personas congregadas en la plaza, el Papa subray\u00f3 la importancia de la libertad de pensamiento, religi\u00f3n y expresi\u00f3n, y apel\u00f3 a la responsabilidad de los pol\u00edticos en promover la paz y el desarrollo.<\/p>\n\n\n\n<p>A pesar de los desaf\u00edos que la salud del Papa le present\u00f3, su esp\u00edritu inquebrantable le permiti\u00f3 mantenerse presente en las celebraciones y seguir con sus tareas pastorales hasta los \u00faltimos d\u00edas. En su mensaje pascual, tambi\u00e9n hizo un llamamiento por la paz en Gaza, pidiendo el cese del fuego, la liberaci\u00f3n de rehenes y ayuda humanitaria para los m\u00e1s necesitados. Sus \u00faltimos d\u00edas tambi\u00e9n fueron marcados por una visita a la c\u00e1rcel de Regina Coeli, una tradici\u00f3n que manten\u00eda desde 2013, donde lav\u00f3 los pies de los prisioneros, un acto simb\u00f3lico que refleja la humildad y el servicio a los dem\u00e1s.<\/p>\n\n\n\n<p>Francisco, quien hab\u00eda estado hospitalizado por una neumon\u00eda bilateral en febrero y marzo de 2025, no pudo participar plenamente en las celebraciones de Semana Santa debido a su delicado estado de salud, pero se mantuvo en contacto con los fieles y continu\u00f3 transmitiendo su mensaje de paz y unidad hasta el final.<\/p>\n\n\n\n<p>Con su partida, el Vaticano activar\u00e1 su protocolo para la organizaci\u00f3n de los funerales y la elecci\u00f3n de un nuevo Papa, conforme a la tradici\u00f3n de la Iglesia Cat\u00f3lica. Su muerte marca un hito importante en la historia reciente de la Iglesia, y el mundo entero recuerda su legado de liderazgo espiritual, su lucha por los derechos humanos y su incansable llamado a la paz.<\/p>\n\n\n\n<p><\/p>\n","protected":false},"excerpt":{"rendered":"<p>El papa Francisco falleci\u00f3 esta ma\u00f1ana a las 7:35 horas de Roma, seg\u00fan inform\u00f3 el Vaticano. Su muerte marca el fin de un pontificado que estuvo marcado por su cercan\u00eda con los m\u00e1s vulnerables, su compromiso con la justicia social y su llamamiento constante a la paz en el mundo. En su \u00faltima aparici\u00f3n p\u00fablica, [&hellip;]<\/p>\n","protected":false},"author":2,"featured_media":5903,"comment_status":"open","ping_status":"open","sticky":false,"template":"","format":"standard","meta":{"footnotes":""},"categories":[25],"tags":[],"class_list":{"0":"post-5901","1":"post","2":"type-post","3":"status-publish","4":"format-standard","5":"has-post-thumbnail","7":"category-internacionales"},"aioseo_notices":[],"_links":{"self":[{"href":"https:\/\/lalupa24.com.ar\/index.php\/wp-json\/wp\/v2\/posts\/5901","targetHints":{"allow":["GET"]}}],"collection":[{"href":"https:\/\/lalupa24.com.ar\/index.php\/wp-json\/wp\/v2\/posts"}],"about":[{"href":"https:\/\/lalupa24.com.ar\/index.php\/wp-json\/wp\/v2\/types\/post"}],"author":[{"embeddable":true,"href":"https:\/\/lalupa24.com.ar\/index.php\/wp-json\/wp\/v2\/users\/2"}],"replies":[{"embeddable":true,"href":"https:\/\/lalupa24.com.ar\/index.php\/wp-json\/wp\/v2\/comments?post=5901"}],"version-history":[{"count":1,"href":"https:\/\/lalupa24.com.ar\/index.php\/wp-json\/wp\/v2\/posts\/5901\/revisions"}],"predecessor-version":[{"id":5904,"href":"https:\/\/lalupa24.com.ar\/index.php\/wp-json\/wp\/v2\/posts\/5901\/revisions\/5904"}],"wp:featuredmedia":[{"embeddable":true,"href":"https:\/\/lalupa24.com.ar\/index.php\/wp-json\/wp\/v2\/media\/5903"}],"wp:attachment":[{"href":"https:\/\/lalupa24.com.ar\/index.php\/wp-json\/wp\/v2\/media?parent=5901"}],"wp:term":[{"taxonomy":"category","embeddable":true,"href":"https:\/\/lalupa24.com.ar\/index.php\/wp-json\/wp\/v2\/categories?post=5901"},{"taxonomy":"post_tag","embeddable":true,"href":"https:\/\/lalupa24.com.ar\/index.php\/wp-json\/wp\/v2\/tags?post=5901"}],"curies":[{"name":"wp","href":"https:\/\/api.w.org\/{rel}","templated":true}]}}