{"id":5905,"date":"2025-04-21T09:45:48","date_gmt":"2025-04-21T12:45:48","guid":{"rendered":"https:\/\/lalupa24.com.ar\/?p=5905"},"modified":"2025-04-21T09:45:50","modified_gmt":"2025-04-21T12:45:50","slug":"partio-a-la-casa-del-padre-asi-anuncio-el-vaticano-la-muerte-del-papa-francisco","status":"publish","type":"post","link":"https:\/\/lalupa24.com.ar\/index.php\/2025\/04\/21\/partio-a-la-casa-del-padre-asi-anuncio-el-vaticano-la-muerte-del-papa-francisco\/","title":{"rendered":"\u201cParti\u00f3 a la casa del Padre\u201d: as\u00ed anunci\u00f3 el Vaticano la muerte del papa Francisco"},"content":{"rendered":"\n<p>La muerte del papa Francisco este lunes a las 7:35 (hora de Roma) marca el fin de un pontificado que transform\u00f3 profundamente a la Iglesia Cat\u00f3lica, tanto desde lo espiritual como en lo humano. El anuncio oficial fue hecho por el cardenal Kevin Joseph Farrell, camarlengo del Vaticano, en una breve y solemne declaraci\u00f3n de apenas 75 segundos, donde destac\u00f3 que el Santo Padre \u201cparti\u00f3 a la casa del Padre\u201d y record\u00f3 su vida dedicada al servicio de los pobres, los marginados y a la ense\u00f1anza del Evangelio con \u201cfidelidad, valent\u00eda y amor universal\u201d.<\/p>\n\n\n\n<p>El fallecimiento de Jorge Mario Bergoglio, a los 88 a\u00f1os, ocurri\u00f3 solo un d\u00eda despu\u00e9s de su \u00faltima aparici\u00f3n p\u00fablica en la misa de Pascua, desde el balc\u00f3n de la bas\u00edlica de San Pedro. En ese mensaje final al mundo, el Papa hizo un fuerte llamamiento a la paz y la libertad religiosa, mostrando fortaleza espiritual a pesar de su evidente deterioro f\u00edsico, consecuencia de una larga enfermedad que lo mantuvo internado durante 38 d\u00edas hasta finales de marzo.<\/p>\n\n\n\n<p>La conmoci\u00f3n por su partida se extendi\u00f3 r\u00e1pidamente por el mundo. L\u00edderes pol\u00edticos y religiosos de todos los continentes expresaron su pesar. El presidente argentino Javier Milei, a pesar de sus diferencias pasadas con el pont\u00edfice, lo despidi\u00f3 con profundo respeto, destacando su papel como el primer papa argentino y su entrega a la fe. Donald Trump, Emmanuel Macron, Pedro S\u00e1nchez, Giorgia Meloni y otros jefes de Estado tambi\u00e9n rindieron homenaje a su figura como l\u00edder espiritual, promotor de la paz y defensor de los m\u00e1s vulnerables.<\/p>\n\n\n\n<p>Con su muerte, el Vaticano ya ha activado el protocolo correspondiente para estos casos. Se seguir\u00e1n los pasos establecidos por el nuevo <em>Ordo Exsequiarum Romani Pontificis<\/em>, actualizado por el propio Francisco en 2024. Su cuerpo ser\u00e1 velado p\u00fablicamente en la Bas\u00edlica de San Pedro, y la misa exequial ser\u00e1 presidida por el decano del Colegio Cardenalicio. Posteriormente, y seg\u00fan su voluntad, ser\u00e1 enterrado en la Bas\u00edlica de Santa Mar\u00eda la Mayor, en Roma, rompiendo con la tradici\u00f3n de las Grutas Vaticanas.<\/p>\n\n\n\n<p>El mundo ahora se prepara para el C\u00f3nclave, donde los cardenales reunidos en la Capilla Sixtina deber\u00e1n elegir al pr\u00f3ximo l\u00edder de la Iglesia. Francisco deja un legado inmenso: el del papa reformador, humilde, cercano al pueblo y comprometido con una Iglesia m\u00e1s austera, inclusiva y activa frente a los desaf\u00edos globales.<\/p>\n","protected":false},"excerpt":{"rendered":"<p>La muerte del papa Francisco este lunes a las 7:35 (hora de Roma) marca el fin de un pontificado que transform\u00f3 profundamente a la Iglesia Cat\u00f3lica, tanto desde lo espiritual como en lo humano. El anuncio oficial fue hecho por el cardenal Kevin Joseph Farrell, camarlengo del Vaticano, en una breve y solemne declaraci\u00f3n de [&hellip;]<\/p>\n","protected":false},"author":2,"featured_media":5906,"comment_status":"open","ping_status":"open","sticky":false,"template":"","format":"standard","meta":{"footnotes":""},"categories":[25],"tags":[],"class_list":{"0":"post-5905","1":"post","2":"type-post","3":"status-publish","4":"format-standard","5":"has-post-thumbnail","7":"category-internacionales"},"aioseo_notices":[],"_links":{"self":[{"href":"https:\/\/lalupa24.com.ar\/index.php\/wp-json\/wp\/v2\/posts\/5905","targetHints":{"allow":["GET"]}}],"collection":[{"href":"https:\/\/lalupa24.com.ar\/index.php\/wp-json\/wp\/v2\/posts"}],"about":[{"href":"https:\/\/lalupa24.com.ar\/index.php\/wp-json\/wp\/v2\/types\/post"}],"author":[{"embeddable":true,"href":"https:\/\/lalupa24.com.ar\/index.php\/wp-json\/wp\/v2\/users\/2"}],"replies":[{"embeddable":true,"href":"https:\/\/lalupa24.com.ar\/index.php\/wp-json\/wp\/v2\/comments?post=5905"}],"version-history":[{"count":1,"href":"https:\/\/lalupa24.com.ar\/index.php\/wp-json\/wp\/v2\/posts\/5905\/revisions"}],"predecessor-version":[{"id":5907,"href":"https:\/\/lalupa24.com.ar\/index.php\/wp-json\/wp\/v2\/posts\/5905\/revisions\/5907"}],"wp:featuredmedia":[{"embeddable":true,"href":"https:\/\/lalupa24.com.ar\/index.php\/wp-json\/wp\/v2\/media\/5906"}],"wp:attachment":[{"href":"https:\/\/lalupa24.com.ar\/index.php\/wp-json\/wp\/v2\/media?parent=5905"}],"wp:term":[{"taxonomy":"category","embeddable":true,"href":"https:\/\/lalupa24.com.ar\/index.php\/wp-json\/wp\/v2\/categories?post=5905"},{"taxonomy":"post_tag","embeddable":true,"href":"https:\/\/lalupa24.com.ar\/index.php\/wp-json\/wp\/v2\/tags?post=5905"}],"curies":[{"name":"wp","href":"https:\/\/api.w.org\/{rel}","templated":true}]}}