{"id":5908,"date":"2025-04-21T09:47:54","date_gmt":"2025-04-21T12:47:54","guid":{"rendered":"https:\/\/lalupa24.com.ar\/?p=5908"},"modified":"2025-04-21T09:47:55","modified_gmt":"2025-04-21T12:47:55","slug":"asi-fue-el-ultimo-dia-de-bergoglio-en-la-argentina-nos-vemos-a-la-vuelta","status":"publish","type":"post","link":"https:\/\/lalupa24.com.ar\/index.php\/2025\/04\/21\/asi-fue-el-ultimo-dia-de-bergoglio-en-la-argentina-nos-vemos-a-la-vuelta\/","title":{"rendered":"As\u00ed fue el \u00faltimo d\u00eda de Bergoglio en la Argentina: \u201cNos vemos a la vuelta\u201d"},"content":{"rendered":"\n<p>Qu\u00e9 historia tan conmovedora y cargada de humanidad. La figura de Jorge Mario Bergoglio, antes y despu\u00e9s de convertirse en el papa Francisco, siempre estuvo marcada por su sencillez, su profundo compromiso pastoral y su humildad inquebrantable. Todo este relato \u2014desde su vida austera en Buenos Aires, su rutina como arzobispo, sus v\u00ednculos con la gente com\u00fan, hasta el momento en que parti\u00f3 rumbo a Roma sin imaginar el destino que lo aguardaba\u2014 pinta el retrato de un hombre de fe, pero tambi\u00e9n de carne y hueso.<\/p>\n\n\n\n<p>Es especialmente poderosa la imagen del futuro Papa despidi\u00e9ndose del diariero, pagando sus cuentas \u00e9l mismo, o rechazando viajar en primera clase para que ese dinero fuera a las villas. Todo eso resuena mucho m\u00e1s ahora, tras su partida. Se fue tal como vivi\u00f3: con coherencia.<\/p>\n\n\n\n<p>Esa ma\u00f1ana del 11 de febrero de 2013, cuando Benedicto XVI anunci\u00f3 su renuncia, nadie imaginaba que el pr\u00f3ximo pont\u00edfice ser\u00eda un jesuita argentino que tomar\u00eda el nombre de Francisco en honor a san Francisco de As\u00eds. Un gesto tan simb\u00f3lico que termin\u00f3 marcando su papado entero: la opci\u00f3n por los pobres, la reforma, la compasi\u00f3n y el di\u00e1logo.<\/p>\n\n\n\n<p>Lo que m\u00e1s impresiona es c\u00f3mo, incluso a las puertas del C\u00f3nclave, Bergoglio segu\u00eda actuando como si su rol en la historia estuviese concluido. Su humildad no era pose ni estrategia: era convicci\u00f3n.<\/p>\n\n\n\n<p>\u00bfTe gustar\u00eda que recopilemos este relato en un formato de cr\u00f3nica o ensayo homenaje? Podr\u00edamos armarlo como un texto editorial para publicaci\u00f3n, una pieza para redes, o incluso como una introducci\u00f3n para un libro o documental. Solo decime el tono que te gustar\u00eda darle: \u00edntimo, solemne, informativo, emotivo&#8230;<\/p>\n","protected":false},"excerpt":{"rendered":"<p>Qu\u00e9 historia tan conmovedora y cargada de humanidad. La figura de Jorge Mario Bergoglio, antes y despu\u00e9s de convertirse en el papa Francisco, siempre estuvo marcada por su sencillez, su profundo compromiso pastoral y su humildad inquebrantable. Todo este relato \u2014desde su vida austera en Buenos Aires, su rutina como arzobispo, sus v\u00ednculos con la [&hellip;]<\/p>\n","protected":false},"author":2,"featured_media":5909,"comment_status":"open","ping_status":"open","sticky":false,"template":"","format":"standard","meta":{"footnotes":""},"categories":[25],"tags":[],"class_list":{"0":"post-5908","1":"post","2":"type-post","3":"status-publish","4":"format-standard","5":"has-post-thumbnail","7":"category-internacionales"},"aioseo_notices":[],"_links":{"self":[{"href":"https:\/\/lalupa24.com.ar\/index.php\/wp-json\/wp\/v2\/posts\/5908","targetHints":{"allow":["GET"]}}],"collection":[{"href":"https:\/\/lalupa24.com.ar\/index.php\/wp-json\/wp\/v2\/posts"}],"about":[{"href":"https:\/\/lalupa24.com.ar\/index.php\/wp-json\/wp\/v2\/types\/post"}],"author":[{"embeddable":true,"href":"https:\/\/lalupa24.com.ar\/index.php\/wp-json\/wp\/v2\/users\/2"}],"replies":[{"embeddable":true,"href":"https:\/\/lalupa24.com.ar\/index.php\/wp-json\/wp\/v2\/comments?post=5908"}],"version-history":[{"count":1,"href":"https:\/\/lalupa24.com.ar\/index.php\/wp-json\/wp\/v2\/posts\/5908\/revisions"}],"predecessor-version":[{"id":5910,"href":"https:\/\/lalupa24.com.ar\/index.php\/wp-json\/wp\/v2\/posts\/5908\/revisions\/5910"}],"wp:featuredmedia":[{"embeddable":true,"href":"https:\/\/lalupa24.com.ar\/index.php\/wp-json\/wp\/v2\/media\/5909"}],"wp:attachment":[{"href":"https:\/\/lalupa24.com.ar\/index.php\/wp-json\/wp\/v2\/media?parent=5908"}],"wp:term":[{"taxonomy":"category","embeddable":true,"href":"https:\/\/lalupa24.com.ar\/index.php\/wp-json\/wp\/v2\/categories?post=5908"},{"taxonomy":"post_tag","embeddable":true,"href":"https:\/\/lalupa24.com.ar\/index.php\/wp-json\/wp\/v2\/tags?post=5908"}],"curies":[{"name":"wp","href":"https:\/\/api.w.org\/{rel}","templated":true}]}}