{"id":5914,"date":"2025-04-21T09:53:31","date_gmt":"2025-04-21T12:53:31","guid":{"rendered":"https:\/\/lalupa24.com.ar\/?p=5914"},"modified":"2025-04-21T09:53:33","modified_gmt":"2025-04-21T12:53:33","slug":"semana-de-alto-vuelo-milei-se-lanza-de-lleno-en-la-campana-electoral-para-impulsar-a-lla-en-distritos-clave","status":"publish","type":"post","link":"https:\/\/lalupa24.com.ar\/index.php\/2025\/04\/21\/semana-de-alto-vuelo-milei-se-lanza-de-lleno-en-la-campana-electoral-para-impulsar-a-lla-en-distritos-clave\/","title":{"rendered":"Semana de alto vuelo: Milei se lanza de lleno en la campa\u00f1a electoral para impulsar a LLA en distritos clave"},"content":{"rendered":"\n<h3 class=\"wp-block-heading\"><strong>Milei sale al territorio: arranca la campa\u00f1a sin ser candidato<\/strong><\/h3>\n\n\n\n<ul class=\"wp-block-list\">\n<li>El <strong>streaming &#8220;La Misa&#8221;<\/strong> con Adorni marca el arranque simb\u00f3lico: Milei baja l\u00ednea en su n\u00facleo duro digital.<\/li>\n\n\n\n<li>Se busca marcar distancia con <strong>Ramiro Marra<\/strong>, a\u00fan con peso en la militancia libertaria pero desplazado del armado oficial.<\/li>\n\n\n\n<li><strong>Recorrida en Caballito<\/strong> (probable Parque Centenario): Milei vuelve al contacto directo, como en 2021 y 2023, pero ahora con Adorni como punta de lanza.<\/li>\n<\/ul>\n\n\n\n<hr class=\"wp-block-separator has-alpha-channel-opacity\"\/>\n\n\n\n<h3 class=\"wp-block-heading\">\u2694\ufe0f <strong>Ofensiva electoral: CABA y Buenos Aires como ejes<\/strong><\/h3>\n\n\n\n<ul class=\"wp-block-list\">\n<li>LLA quiere mostrar que <strong>puede disputar CABA<\/strong> no solo al kirchnerismo, sino al <strong>PRO en su basti\u00f3n hist\u00f3rico<\/strong>.<\/li>\n\n\n\n<li>La movida busca tambi\u00e9n <strong>atraer figuras del PRO disconformes<\/strong> (como Ritondo o Santilli) hacia la estructura libertaria.<\/li>\n\n\n\n<li>En la provincia, el <strong>Congreso de la Libertad Bonaerense<\/strong> busca consolidar un armado pol\u00edtico con volumen territorial y nutrido de funcionarios de alto perfil.<\/li>\n<\/ul>\n\n\n\n<hr class=\"wp-block-separator has-alpha-channel-opacity\"\/>\n\n\n\n<h3 class=\"wp-block-heading\">\ud83c\udfdb\ufe0f <strong>Congreso: par\u00e1lisis legislativa y estrategia por decreto<\/strong><\/h3>\n\n\n\n<ul class=\"wp-block-list\">\n<li>En Balcarce 50 no esperan avances reales en el Congreso. La consigna es: <strong>\u201cgestionar por DNU y resoluciones\u201d<\/strong>.<\/li>\n\n\n\n<li>Solo hay consenso para iniciativas simb\u00f3licas o con fuerte apoyo popular, como <strong>Ficha Limpia<\/strong>.<\/li>\n\n\n\n<li>El resto, incluido el proyecto de <strong>Reforma Penal Juvenil<\/strong>, sigue en comp\u00e1s de espera.<\/li>\n<\/ul>\n\n\n\n<hr class=\"wp-block-separator has-alpha-channel-opacity\"\/>\n\n\n\n<h3 class=\"wp-block-heading\">\ud83d\udcc9 <strong>Empresarios en la mira: el discurso anti-\u201cformadores de precios\u201d<\/strong><\/h3>\n\n\n\n<ul class=\"wp-block-list\">\n<li>El Gobierno apunta a <strong>empresarios con aumentos por encima de la inflaci\u00f3n esperada<\/strong> como chivo expiatorio.<\/li>\n\n\n\n<li>Buscan generar presi\u00f3n p\u00fablica para que <strong>moderen sus m\u00e1rgenes<\/strong> y as\u00ed acompa\u00f1en la estrategia desinflacionaria de Caputo.<\/li>\n<\/ul>\n\n\n\n<hr class=\"wp-block-separator has-alpha-channel-opacity\"\/>\n\n\n\n<h3 class=\"wp-block-heading\">\ud83d\udd2e \u00bfQu\u00e9 se viene?<\/h3>\n\n\n\n<p>Este giro hacia lo electoral parece confirmar que <strong>Milei no espera grandes reformas v\u00eda Congreso<\/strong> en el corto plazo. El objetivo ahora es <strong>construir poder pol\u00edtico propio<\/strong>, disputar votos opositores, y blindar la hoja de ruta econ\u00f3mica desde afuera del Parlamento.<\/p>\n\n\n\n<blockquote class=\"wp-block-quote is-layout-flow wp-block-quote-is-layout-flow\">\n<p>La estrategia: seguir \u201chaciendo ruido\u201d con el l\u00e1tigo de los precios, profundizar el discurso antisistema, y usar cada aparici\u00f3n p\u00fablica como trampol\u00edn electoral. En resumen, Milei 2025 empez\u00f3 a caminar en abril de 2024.<\/p>\n<\/blockquote>\n\n\n\n<p><\/p>\n\n\n\n<p><\/p>\n","protected":false},"excerpt":{"rendered":"<p>Milei sale al territorio: arranca la campa\u00f1a sin ser candidato \u2694\ufe0f Ofensiva electoral: CABA y Buenos Aires como ejes \ud83c\udfdb\ufe0f Congreso: par\u00e1lisis legislativa y estrategia por decreto \ud83d\udcc9 Empresarios en la mira: el discurso anti-\u201cformadores de precios\u201d \ud83d\udd2e \u00bfQu\u00e9 se viene? Este giro hacia lo electoral parece confirmar que Milei no espera grandes reformas v\u00eda [&hellip;]<\/p>\n","protected":false},"author":2,"featured_media":5915,"comment_status":"open","ping_status":"open","sticky":false,"template":"","format":"standard","meta":{"footnotes":""},"categories":[26],"tags":[],"class_list":{"0":"post-5914","1":"post","2":"type-post","3":"status-publish","4":"format-standard","5":"has-post-thumbnail","7":"category-nacionales"},"aioseo_notices":[],"_links":{"self":[{"href":"https:\/\/lalupa24.com.ar\/index.php\/wp-json\/wp\/v2\/posts\/5914","targetHints":{"allow":["GET"]}}],"collection":[{"href":"https:\/\/lalupa24.com.ar\/index.php\/wp-json\/wp\/v2\/posts"}],"about":[{"href":"https:\/\/lalupa24.com.ar\/index.php\/wp-json\/wp\/v2\/types\/post"}],"author":[{"embeddable":true,"href":"https:\/\/lalupa24.com.ar\/index.php\/wp-json\/wp\/v2\/users\/2"}],"replies":[{"embeddable":true,"href":"https:\/\/lalupa24.com.ar\/index.php\/wp-json\/wp\/v2\/comments?post=5914"}],"version-history":[{"count":1,"href":"https:\/\/lalupa24.com.ar\/index.php\/wp-json\/wp\/v2\/posts\/5914\/revisions"}],"predecessor-version":[{"id":5916,"href":"https:\/\/lalupa24.com.ar\/index.php\/wp-json\/wp\/v2\/posts\/5914\/revisions\/5916"}],"wp:featuredmedia":[{"embeddable":true,"href":"https:\/\/lalupa24.com.ar\/index.php\/wp-json\/wp\/v2\/media\/5915"}],"wp:attachment":[{"href":"https:\/\/lalupa24.com.ar\/index.php\/wp-json\/wp\/v2\/media?parent=5914"}],"wp:term":[{"taxonomy":"category","embeddable":true,"href":"https:\/\/lalupa24.com.ar\/index.php\/wp-json\/wp\/v2\/categories?post=5914"},{"taxonomy":"post_tag","embeddable":true,"href":"https:\/\/lalupa24.com.ar\/index.php\/wp-json\/wp\/v2\/tags?post=5914"}],"curies":[{"name":"wp","href":"https:\/\/api.w.org\/{rel}","templated":true}]}}