{"id":5921,"date":"2025-04-21T09:57:32","date_gmt":"2025-04-21T12:57:32","guid":{"rendered":"https:\/\/lalupa24.com.ar\/?p=5921"},"modified":"2025-04-21T09:57:34","modified_gmt":"2025-04-21T12:57:34","slug":"en-medio-de-la-guerra-arancelaria-caputo-viaja-a-washington-para-participar-de-las-sesiones-de-primavera-del-fmi-y-el-banco-mundial","status":"publish","type":"post","link":"https:\/\/lalupa24.com.ar\/index.php\/2025\/04\/21\/en-medio-de-la-guerra-arancelaria-caputo-viaja-a-washington-para-participar-de-las-sesiones-de-primavera-del-fmi-y-el-banco-mundial\/","title":{"rendered":"En medio de la guerra arancelaria, Caputo viaja a Washington para participar de las sesiones de primavera del FMI y el Banco Mundial"},"content":{"rendered":"\n<p>(Desde Washington, Estados Unidos) Ser\u00e1 la primera vez en muchos a\u00f1os que Luis Caputo llegar\u00e1&nbsp;<strong>al Fondo Monetario Internacional (FMI) sin la presi\u00f3n pol\u00edtica de una negociaci\u00f3n pendiente&nbsp;<\/strong>y asumiendo que el staff y board del organismo multilateral de cr\u00e9dito&nbsp;<strong>apoyan un programa de ajuste&nbsp;<\/strong>que tiene resultados m\u00e1s all\u00e1 de las promesas oficiales que se presentaron en Washington<strong>&nbsp;desde antes de la asunci\u00f3n de Javier Milei.<\/strong><\/p>\n\n\n\n<p><a href=\"https:\/\/www.infobae.com\/economia\/2025\/04\/21\/tras-el-acuerdo-con-el-fmi-milei-buscara-la-vuelta-a-los-mercados-y-el-aporte-de-inversiones-extranjeras\/\" target=\"_blank\" rel=\"noreferrer noopener\"><\/a><\/p>\n\n\n\n<figure class=\"wp-block-image\"><a class=\"recommended-card recommended-card--infobae recommended-card--first\" href=\"https:\/\/www.infobae.com\/economia\/2025\/04\/21\/tras-el-acuerdo-con-el-fmi-milei-buscara-la-vuelta-a-los-mercados-y-el-aporte-de-inversiones-extranjeras\/\" target=\"_blank\" rel=\"noreferrer noopener\"><img decoding=\"async\" src=\"https:\/\/www.infobae.com\/resizer\/v2\/HNGULT5AUZBUDKEARMSMTBXYOU.png?auth=322808f04ec7e2d17268d6bc67c6b5d20316b56d31c692e057b40ba205e582de&amp;smart=true&amp;width=256&amp;height=140&amp;quality=85\" alt=\"Tras el acuerdo con el FMI, Milei buscar\u00e1 la vuelta a los mercados y el aporte de inversiones extranjeras\"\/><\/a><\/figure>\n\n\n\n<p><a href=\"https:\/\/www.infobae.com\/economia\/2025\/04\/21\/tras-el-acuerdo-con-el-fmi-milei-buscara-la-vuelta-a-los-mercados-y-el-aporte-de-inversiones-extranjeras\/\" target=\"_blank\" rel=\"noreferrer noopener\">Te puede interesar:<strong>Tras el acuerdo con el FMI, Milei buscar\u00e1 la vuelta a los mercados y el aporte de inversiones extranjeras<\/strong><\/a><a href=\"https:\/\/www.infobae.com\/economia\/2025\/04\/21\/tras-el-acuerdo-con-el-fmi-milei-buscara-la-vuelta-a-los-mercados-y-el-aporte-de-inversiones-extranjeras\/\" target=\"_blank\" rel=\"noreferrer noopener\"><\/a><\/p>\n\n\n\n<p>El ministro de Econom\u00eda participar\u00e1 de las&nbsp;<em>Sesiones de Primavera del FMI<\/em>, en un escenario geopol\u00edtico condicionado por&nbsp;<strong>los aranceles rec\u00edprocos impuestos por Donald Trump<\/strong>&nbsp;y la r\u00e9plica autom\u00e1tica de Europa y China, que venden por billones de d\u00f3lares sus productos al mercado de Estados Unidos.<\/p>\n\n\n\n<p>En su discurso de apertura de las sesiones, hace tres d\u00edas,&nbsp;<strong>Kristalina Georgieva describi\u00f3 un tablero internacional complicado&nbsp;<\/strong>y adelant\u00f3 que la cumbre del FMI pondr\u00e1 foco a&nbsp;<strong>la agenda proteccionista<\/strong>&nbsp;dela administraci\u00f3n republicana que<strong>&nbsp;trastoc\u00f3&nbsp;<\/strong>a la econom\u00eda global.<\/p>\n\n\n\n<p><a href=\"https:\/\/www.infobae.com\/economia\/2025\/04\/21\/la-reunion-conjunta-fmi-banco-mundial-condiciona-desde-hoy-a-los-mercados-del-mundo\/\" target=\"_blank\" rel=\"noreferrer noopener\"><\/a><\/p>\n\n\n\n<figure class=\"wp-block-image\"><a class=\"recommended-card recommended-card--infobae recommended-card--first\" href=\"https:\/\/www.infobae.com\/economia\/2025\/04\/21\/la-reunion-conjunta-fmi-banco-mundial-condiciona-desde-hoy-a-los-mercados-del-mundo\/\" target=\"_blank\" rel=\"noreferrer noopener\"><img decoding=\"async\" src=\"https:\/\/www.infobae.com\/resizer\/v2\/DVIS7JWFZJDBDLWGRXN6MDB6VY.jpg?auth=a4498a883c160a5873d6c03d81cc4e66af95dc075e61b46bd41688319525dd55&amp;smart=true&amp;width=256&amp;height=140&amp;quality=85\" alt=\"La reuni\u00f3n conjunta FMI-Banco Mundial condiciona desde hoy a los mercados del mundo\"\/><\/a><\/figure>\n\n\n\n<p><a href=\"https:\/\/www.infobae.com\/economia\/2025\/04\/21\/la-reunion-conjunta-fmi-banco-mundial-condiciona-desde-hoy-a-los-mercados-del-mundo\/\" target=\"_blank\" rel=\"noreferrer noopener\">Te puede interesar:<strong>La reuni\u00f3n conjunta FMI-Banco Mundial condiciona desde hoy a los mercados del mundo<\/strong><\/a><a href=\"https:\/\/www.infobae.com\/economia\/2025\/04\/21\/la-reunion-conjunta-fmi-banco-mundial-condiciona-desde-hoy-a-los-mercados-del-mundo\/\" target=\"_blank\" rel=\"noreferrer noopener\"><\/a><img loading=\"lazy\" decoding=\"async\" alt=\"Kristalina Georgieva durante su discurso\" height=\"2656\" src=\"https:\/\/www.infobae.com\/resizer\/v2\/76LSU6ALGFFJHCC4OYFRMZPVEI.jpg?auth=06b86a2b5e1a8a883fbbf532c81e6865f939a333314cc71f1094e7bfaab40514&amp;smart=true&amp;width=350&amp;height=233&amp;quality=85\" width=\"3984\">Kristalina Georgieva durante su discurso de apertura de las sesiones de primavera del FMI, (Washington, Estados Unidos)<\/p>\n\n\n\n<p>En su presentaci\u00f3n, Georgieva<strong>&nbsp;asegur\u00f3:<\/strong><\/p>\n\n\n\n<p>\u201cTeniendo en cuenta todos los incrementos recientes de los aranceles, las pausas, las escaladas y las exenciones,&nbsp;<strong>parece evidente que la tasa arancelaria efectiva de Estados Unidos se ha elevado hasta niveles que no se hab\u00edan visto en varias generaciones\u201d<\/strong>.<\/p>\n\n\n\n<p><a href=\"https:\/\/www.infobae.com\/politica\/2025\/04\/21\/ajedrecista-con-potrero-francisco-desconfio-de-todos-los-presidentes-argentinos-que-recibio-en-el-vaticano\/\" target=\"_blank\" rel=\"noreferrer noopener\"><\/a><\/p>\n\n\n\n<figure class=\"wp-block-image\"><a class=\"recommended-card recommended-card--infobae recommended-card--first\" href=\"https:\/\/www.infobae.com\/politica\/2025\/04\/21\/ajedrecista-con-potrero-francisco-desconfio-de-todos-los-presidentes-argentinos-que-recibio-en-el-vaticano\/\" target=\"_blank\" rel=\"noreferrer noopener\"><img decoding=\"async\" src=\"https:\/\/www.infobae.com\/resizer\/v2\/DS6FKW3DJAHU7HLHOHXHMYLWWY.jpg?auth=b78cc11b4f027c8c07ee8e52df761f050b5a581a17840973e02eaf4dec8508e9&amp;smart=true&amp;width=256&amp;height=140&amp;quality=85\" alt=\"Ajedrecista con potrero, Francisco desconfi\u00f3 de todos los presidentes argentinos que recibi\u00f3 en el Vaticano\"\/><\/a><\/figure>\n\n\n\n<p><a href=\"https:\/\/www.infobae.com\/politica\/2025\/04\/21\/ajedrecista-con-potrero-francisco-desconfio-de-todos-los-presidentes-argentinos-que-recibio-en-el-vaticano\/\" target=\"_blank\" rel=\"noreferrer noopener\">Te puede interesar:<strong>Ajedrecista con potrero, Francisco desconfi\u00f3 de todos los presidentes argentinos que recibi\u00f3 en el Vaticano<\/strong><\/a><a href=\"https:\/\/www.infobae.com\/politica\/2025\/04\/21\/ajedrecista-con-potrero-francisco-desconfio-de-todos-los-presidentes-argentinos-que-recibio-en-el-vaticano\/\" target=\"_blank\" rel=\"noreferrer noopener\"><\/a><\/p>\n\n\n\n<p>\u201cEl aumento de las barreras al comercio asesta un golpe directo al crecimiento.&nbsp;<strong>Los aranceles, como cualquier otro impuesto, elevan los ingresos, pero a costa de reducir y desplazar la actividad\u201d.<\/strong><\/p>\n\n\n\n<p><strong>\u201cEl proteccionismo mina la productividad a largo plazo, sobre todo en las econom\u00edas m\u00e1s peque\u00f1as.<\/strong>&nbsp;Proteger a las industrias de la competencia&nbsp;<strong>reduce los incentivos&nbsp;<\/strong>para la asignaci\u00f3n eficiente de los recursos. Las mejoras de la productividad y la competitividad logradas en el pasado gracias al comercio se pierden\u201d.<\/p>\n\n\n\n<p>\u201cLa incertidumbre prolongada agrava el riesgo de&nbsp;<strong>tensiones en los mercados financieros<\/strong>. A comienzos de este mes se registraron movimientos inusuales en algunos de los principales mercados de bonos y divisas. (&#8230;)&nbsp;<strong>Todo el mundo sufre si las condiciones financieras se deterioran\u201d.<\/strong><img loading=\"lazy\" decoding=\"async\" alt=\"Kristalina Georgieva y Javier Milei\" height=\"533\" src=\"https:\/\/www.infobae.com\/resizer\/v2\/BXWBBOOJ6ACQLBW6OT5AH3GNIM.jpg?auth=ac801ac60e06f659a0470d6cd870e1a8908b4372d7a763fa727353ce020b95ae&amp;smart=true&amp;width=350&amp;height=233&amp;quality=85\" width=\"800\">Kristalina Georgieva y Javier Milei se saludan en el G7 que deliber\u00f3 en Puglia, (Italia)<\/p>\n\n\n\n<p>El grueso de los arribos de ministros y presidentes de Banco Central ser\u00e1 a partir de este lunes: son quienes conforman la Asamblea Monetaria y Financiera, el cuerpo que cada seis meses revisa y marca las directrices pol\u00edticas del Fondo y del Banco Mundial. De hecho, Caputo y el titular del BCRA,&nbsp;<strong>Santiago Bausili<\/strong>, viajar\u00e1n a Washington el martes 22 y tienen su agenda cargada en los d\u00edas siguientes.<\/p>\n\n\n\n<p>Caputo mantendr\u00e1 reuniones con Georgieva,&nbsp;<strong>Ajay Banga&nbsp;<\/strong>-presidente del Banco Mundial- y el titular del Banco Interamericano de Desarrollo (BID),&nbsp;<strong>Ilan Goldjan<\/strong>, para&nbsp;<strong>agradecer en persona<\/strong>&nbsp;sus respaldos al programa de ajuste y&nbsp;<strong>analizar<\/strong>&nbsp;la actual coyuntura global.<\/p>\n\n\n\n<p>Adem\u00e1s, el ministro argentino&nbsp;<strong>participar\u00e1 en reuniones del G20,<\/strong>&nbsp;que este a\u00f1o es organizado por Sud\u00e1frica. Ser\u00e1 una cumbre compleja por la agenda econ\u00f3mica que propone Sud\u00e1frica, las&nbsp;<strong>tensas relaciones bilaterales&nbsp;<\/strong>que tienen Washington y Pretoria, y las iniciativas proteccionistas de Estados Unidos que&nbsp;<strong>son resistidas&nbsp;<\/strong>por la mayor\u00eda de los pa\u00edses que integran el G20.<\/p>\n\n\n\n<p>El jefe del Palacio de Hacienda tambi\u00e9n&nbsp;<strong>protagonizar\u00e1&nbsp;<\/strong>encuentros con inversores privados y&nbsp;<strong>ofrecer\u00e1 una disertaci\u00f3n<\/strong>&nbsp;-con preguntas- en&nbsp;<strong>un c\u00f3nclave organizado por el JPMorgan.<\/strong>&nbsp;La guerra comercial&nbsp;<strong>afecta&nbsp;<\/strong>las exportaciones,&nbsp;<strong>aumenta el precio de los bienes importados&nbsp;<\/strong>y complica las inversiones directas en pa\u00edses como la Argentina.<\/p>\n\n\n\n<p>Entonces, Caputo aprovechar\u00e1 sus 96 horas en DC para&nbsp;<strong>explicar&nbsp;<\/strong>que el plan de ajuste&nbsp;<strong>no sufrir\u00e1 mayores<\/strong>&nbsp;consecuencias por&nbsp;<strong>las decisiones geopol\u00edticas de Trump.<\/strong><img loading=\"lazy\" decoding=\"async\" alt=\"Caputo y Georgieva junto Santiago\" height=\"1080\" src=\"https:\/\/www.infobae.com\/resizer\/v2\/PC5PWD7PSRBMFOYVYKS2ODW66A.jpg?auth=c95f7936053587a0f8450dc3b54dadd37a082aa5ce44b3089b0f1b91b83c976a&amp;smart=true&amp;width=350&amp;height=197&amp;quality=85\" width=\"1920\">Caputo y Georgieva junto Santiago Bausilli, Pablo Quirno y Vladimir Werning, durante el G20 de San Pablo, (Brasil)<\/p>\n\n\n\n<p>Adem\u00e1s de por Bausili, el ministro estar\u00e1 acompa\u00f1ado por&nbsp;<strong>Jos\u00e9 Luis Daza<\/strong>&nbsp;-secretario de Pol\u00edtica Econ\u00f3mica-, y&nbsp;<strong>Pablo Quirno<\/strong>, secretario de Finanzas, que fueron&nbsp;<strong>claves&nbsp;<\/strong>en la negociaci\u00f3n con el FMI.<\/p>\n\n\n\n<p><strong>Federico Sturzenegger&nbsp;<\/strong>-ministro de Desregulaci\u00f3n- y&nbsp;<strong>Patricia Bulrrich<\/strong>, ministra de Seguridad, tambi\u00e9n<strong>&nbsp;participar\u00e1n&nbsp;<\/strong>de las Sesiones de Primavera del FMI con agendas propias. Bullrich fue invitada para disertar sobre los v\u00ednculos entre<strong>&nbsp;la econom\u00eda y los delitos trasnacionales<\/strong>.<\/p>\n\n\n\n<p>Acorde al calendario oficial, Bausilli&nbsp;<strong>explicar\u00e1 el programa de ajuste&nbsp;<\/strong>en un charla que mantendr\u00e1 con&nbsp;<strong>Rodrigo Vald\u00e9s,<\/strong>&nbsp;Director para Am\u00e9rica Latina del FMI, Quirno expondr\u00e1 en el BID y Sturzenegger participar\u00e1 de un panel sobre<strong>&nbsp;\u201cel crecimiento y la resiliencia en un mundo incierto\u201d,&nbsp;<\/strong>que ser\u00e1 encabezado por Georgieva.<\/p>\n\n\n\n<p>En Gobierno se descart\u00f3 &#8211;<strong>por ahora<\/strong>&#8211; que Caputo y su equipo econ\u00f3mico se encuentren con&nbsp;<strong>Scott Bessent&nbsp;<\/strong>-secretario del Tesoro y&nbsp;<strong>Howard Lutnick&nbsp;<\/strong>-secretario de Comercio- para tratar&nbsp;<strong>los aranceles rec\u00edprocos&nbsp;<\/strong>impuestos por Trump y&nbsp;<strong>avanzar en la ampliaci\u00f3n&nbsp;<\/strong>del Acuerdo Marco de Comercio e Inversi\u00f3n&nbsp;<em>(TIFA)<\/em>, que permitir\u00eda profundizar las relaciones econ\u00f3micas entre Argentina y Estados Unidos.<\/p>\n","protected":false},"excerpt":{"rendered":"<p>(Desde Washington, Estados Unidos) Ser\u00e1 la primera vez en muchos a\u00f1os que Luis Caputo llegar\u00e1&nbsp;al Fondo Monetario Internacional (FMI) sin la presi\u00f3n pol\u00edtica de una negociaci\u00f3n pendiente&nbsp;y asumiendo que el staff y board del organismo multilateral de cr\u00e9dito&nbsp;apoyan un programa de ajuste&nbsp;que tiene resultados m\u00e1s all\u00e1 de las promesas oficiales que se presentaron en Washington&nbsp;desde [&hellip;]<\/p>\n","protected":false},"author":2,"featured_media":5922,"comment_status":"open","ping_status":"open","sticky":false,"template":"","format":"standard","meta":{"footnotes":""},"categories":[26],"tags":[],"class_list":{"0":"post-5921","1":"post","2":"type-post","3":"status-publish","4":"format-standard","5":"has-post-thumbnail","7":"category-nacionales"},"aioseo_notices":[],"_links":{"self":[{"href":"https:\/\/lalupa24.com.ar\/index.php\/wp-json\/wp\/v2\/posts\/5921","targetHints":{"allow":["GET"]}}],"collection":[{"href":"https:\/\/lalupa24.com.ar\/index.php\/wp-json\/wp\/v2\/posts"}],"about":[{"href":"https:\/\/lalupa24.com.ar\/index.php\/wp-json\/wp\/v2\/types\/post"}],"author":[{"embeddable":true,"href":"https:\/\/lalupa24.com.ar\/index.php\/wp-json\/wp\/v2\/users\/2"}],"replies":[{"embeddable":true,"href":"https:\/\/lalupa24.com.ar\/index.php\/wp-json\/wp\/v2\/comments?post=5921"}],"version-history":[{"count":1,"href":"https:\/\/lalupa24.com.ar\/index.php\/wp-json\/wp\/v2\/posts\/5921\/revisions"}],"predecessor-version":[{"id":5923,"href":"https:\/\/lalupa24.com.ar\/index.php\/wp-json\/wp\/v2\/posts\/5921\/revisions\/5923"}],"wp:featuredmedia":[{"embeddable":true,"href":"https:\/\/lalupa24.com.ar\/index.php\/wp-json\/wp\/v2\/media\/5922"}],"wp:attachment":[{"href":"https:\/\/lalupa24.com.ar\/index.php\/wp-json\/wp\/v2\/media?parent=5921"}],"wp:term":[{"taxonomy":"category","embeddable":true,"href":"https:\/\/lalupa24.com.ar\/index.php\/wp-json\/wp\/v2\/categories?post=5921"},{"taxonomy":"post_tag","embeddable":true,"href":"https:\/\/lalupa24.com.ar\/index.php\/wp-json\/wp\/v2\/tags?post=5921"}],"curies":[{"name":"wp","href":"https:\/\/api.w.org\/{rel}","templated":true}]}}