{"id":5930,"date":"2025-04-21T10:03:09","date_gmt":"2025-04-21T13:03:09","guid":{"rendered":"https:\/\/lalupa24.com.ar\/?p=5930"},"modified":"2025-04-21T10:03:10","modified_gmt":"2025-04-21T13:03:10","slug":"el-caso-libra-y-las-elecciones-fragmentaron-la-camara-de-diputados-como-quedo-el-nuevo-escenario","status":"publish","type":"post","link":"https:\/\/lalupa24.com.ar\/index.php\/2025\/04\/21\/el-caso-libra-y-las-elecciones-fragmentaron-la-camara-de-diputados-como-quedo-el-nuevo-escenario\/","title":{"rendered":"El caso $Libra y las elecciones fragmentaron la C\u00e1mara de Diputados: c\u00f3mo qued\u00f3 el nuevo escenario"},"content":{"rendered":"\n<h3 class=\"wp-block-heading\"><strong>Resumen: Fragmentaci\u00f3n y reconfiguraci\u00f3n en la C\u00e1mara de Diputados<\/strong><\/h3>\n\n\n\n<p>Desde la asunci\u00f3n de Javier Milei en diciembre de 2023, <strong>la C\u00e1mara de Diputados ha vivido una transformaci\u00f3n profunda<\/strong>, marcada por fracturas internas, nuevas alianzas y un contexto electoral que condiciona cada movimiento pol\u00edtico.<\/p>\n\n\n\n<hr class=\"wp-block-separator has-alpha-channel-opacity\"\/>\n\n\n\n<h3 class=\"wp-block-heading\">\ud83d\udd04 <strong>Cambios en la composici\u00f3n de bloques<\/strong><\/h3>\n\n\n\n<ul class=\"wp-block-list\">\n<li><strong>Uni\u00f3n por la Patria<\/strong> pas\u00f3 de 108 a 96 diputados. Perdi\u00f3 integrantes por acercamientos de gobernadores peronistas al Gobierno.<\/li>\n\n\n\n<li><strong>La UCR<\/strong> se dividi\u00f3 en <strong>cuatro bloques<\/strong>:\n<ul class=\"wp-block-list\">\n<li>UCR original: 14 diputados<\/li>\n\n\n\n<li>Democracia (Lousteau\/Manes): 12<\/li>\n\n\n\n<li>Liga del Interior (\u201cradicales con peluca\u201d): 6<\/li>\n\n\n\n<li>Unidos (Barletta): 1<\/li>\n<\/ul>\n<\/li>\n\n\n\n<li><strong>Juntos por el Cambio<\/strong> dej\u00f3 de existir como coalici\u00f3n unificada.<\/li>\n\n\n\n<li><strong>La Libertad Avanza<\/strong> tambi\u00e9n perdi\u00f3 integrantes:\n<ul class=\"wp-block-list\">\n<li>3 del MID + Lourdes Arrieta (form\u00f3 \u201cTransformaci\u00f3n\u201d) abandonaron el bloque.<\/li>\n<\/ul>\n<\/li>\n<\/ul>\n\n\n\n<hr class=\"wp-block-separator has-alpha-channel-opacity\"\/>\n\n\n\n<h3 class=\"wp-block-heading\">\ud83d\udca5 <strong>Caso $Libra y lucha por el control<\/strong><\/h3>\n\n\n\n<ul class=\"wp-block-list\">\n<li>La <strong>estafa cripto $Libra<\/strong> encendi\u00f3 tensiones: se cre\u00f3 una <strong>comisi\u00f3n investigadora<\/strong> con mayor\u00eda inicial opositora.<\/li>\n\n\n\n<li>En respuesta, <strong>el oficialismo y el PRO crearon interbloques<\/strong>:\n<ul class=\"wp-block-list\">\n<li>El PRO se uni\u00f3 al MID.<\/li>\n\n\n\n<li>La Libertad Avanza se ali\u00f3 con el bloque <strong>CREO<\/strong>.<\/li>\n\n\n\n<li>As\u00ed, ganaron <strong>dos bancas m\u00e1s en la comisi\u00f3n<\/strong>.<\/li>\n<\/ul>\n<\/li>\n<\/ul>\n\n\n\n<hr class=\"wp-block-separator has-alpha-channel-opacity\"\/>\n\n\n\n<h3 class=\"wp-block-heading\">\ud83d\uddf3\ufe0f <strong>Tensiones por el calendario electoral<\/strong><\/h3>\n\n\n\n<ul class=\"wp-block-list\">\n<li>Las elecciones locales <strong>profundizan divisiones internas<\/strong>:\n<ul class=\"wp-block-list\">\n<li>Dos diputados del PRO, <strong>Gabriel Chumpitaz y Ver\u00f3nica Razzini<\/strong>, se fueron del bloque tras las elecciones en Santa Fe y formaron <strong>Futuro y Libertad<\/strong>.<\/li>\n<\/ul>\n<\/li>\n\n\n\n<li>Las elecciones del <strong>11 y 18 de mayo<\/strong> (en Salta, Chaco, Jujuy, San Luis y CABA) podr\u00edan provocar <strong>nuevas fracturas legislativas<\/strong>.<\/li>\n<\/ul>\n\n\n\n<hr class=\"wp-block-separator has-alpha-channel-opacity\"\/>\n\n\n\n<h3 class=\"wp-block-heading\">\ud83c\udf10 <strong>La C\u00e1mara, cada vez m\u00e1s fragmentada<\/strong><\/h3>\n\n\n\n<ul class=\"wp-block-list\">\n<li><strong>Ning\u00fan bloque tiene qu\u00f3rum propio<\/strong>.<\/li>\n\n\n\n<li>Los <strong>intereses provinciales ganan peso<\/strong> frente a las discusiones nacionales.<\/li>\n\n\n\n<li>La gobernabilidad se complica: es m\u00e1s dif\u00edcil negociar l<\/li>\n<\/ul>\n","protected":false},"excerpt":{"rendered":"<p>Resumen: Fragmentaci\u00f3n y reconfiguraci\u00f3n en la C\u00e1mara de Diputados Desde la asunci\u00f3n de Javier Milei en diciembre de 2023, la C\u00e1mara de Diputados ha vivido una transformaci\u00f3n profunda, marcada por fracturas internas, nuevas alianzas y un contexto electoral que condiciona cada movimiento pol\u00edtico. \ud83d\udd04 Cambios en la composici\u00f3n de bloques \ud83d\udca5 Caso $Libra y lucha [&hellip;]<\/p>\n","protected":false},"author":2,"featured_media":5931,"comment_status":"open","ping_status":"open","sticky":false,"template":"","format":"standard","meta":{"footnotes":""},"categories":[26],"tags":[],"class_list":{"0":"post-5930","1":"post","2":"type-post","3":"status-publish","4":"format-standard","5":"has-post-thumbnail","7":"category-nacionales"},"aioseo_notices":[],"_links":{"self":[{"href":"https:\/\/lalupa24.com.ar\/index.php\/wp-json\/wp\/v2\/posts\/5930","targetHints":{"allow":["GET"]}}],"collection":[{"href":"https:\/\/lalupa24.com.ar\/index.php\/wp-json\/wp\/v2\/posts"}],"about":[{"href":"https:\/\/lalupa24.com.ar\/index.php\/wp-json\/wp\/v2\/types\/post"}],"author":[{"embeddable":true,"href":"https:\/\/lalupa24.com.ar\/index.php\/wp-json\/wp\/v2\/users\/2"}],"replies":[{"embeddable":true,"href":"https:\/\/lalupa24.com.ar\/index.php\/wp-json\/wp\/v2\/comments?post=5930"}],"version-history":[{"count":1,"href":"https:\/\/lalupa24.com.ar\/index.php\/wp-json\/wp\/v2\/posts\/5930\/revisions"}],"predecessor-version":[{"id":5932,"href":"https:\/\/lalupa24.com.ar\/index.php\/wp-json\/wp\/v2\/posts\/5930\/revisions\/5932"}],"wp:featuredmedia":[{"embeddable":true,"href":"https:\/\/lalupa24.com.ar\/index.php\/wp-json\/wp\/v2\/media\/5931"}],"wp:attachment":[{"href":"https:\/\/lalupa24.com.ar\/index.php\/wp-json\/wp\/v2\/media?parent=5930"}],"wp:term":[{"taxonomy":"category","embeddable":true,"href":"https:\/\/lalupa24.com.ar\/index.php\/wp-json\/wp\/v2\/categories?post=5930"},{"taxonomy":"post_tag","embeddable":true,"href":"https:\/\/lalupa24.com.ar\/index.php\/wp-json\/wp\/v2\/tags?post=5930"}],"curies":[{"name":"wp","href":"https:\/\/api.w.org\/{rel}","templated":true}]}}