{"id":5937,"date":"2025-04-21T11:46:48","date_gmt":"2025-04-21T14:46:48","guid":{"rendered":"https:\/\/lalupa24.com.ar\/?p=5937"},"modified":"2025-04-21T11:46:49","modified_gmt":"2025-04-21T14:46:49","slug":"voces-de-todo-el-mundo-desean-un-eterno-descanso-al-papa-francisco-y-elogian-su-papado","status":"publish","type":"post","link":"https:\/\/lalupa24.com.ar\/index.php\/2025\/04\/21\/voces-de-todo-el-mundo-desean-un-eterno-descanso-al-papa-francisco-y-elogian-su-papado\/","title":{"rendered":"Voces de todo el mundo desean un eterno descanso al papa Francisco y elogian su papado"},"content":{"rendered":"\n<p>La Casa Blanca, pero tamib\u00e9n Herzog y la jerarqu\u00eda de Ir\u00e1n, despidieron al Sumo Pont\u00edfice de la Iglesia Cat\u00f3lica, pasando por Vlad\u00edmir Putin.<\/p>\n\n\n\n<p>&#8220;Descanse en paz, papa Francisco&#8221;, public\u00f3 en la red social X la Presidencia de Estados Unidos, que ilustr\u00f3 el mensaje con unas fotos del Sumo Pont\u00edfice junto al presidente Donald Trump y al vicepresidente JD Vance en distintas ocasiones.<\/p>\n\n\n\n<p>El presidente del Gobierno espa\u00f1ol, Pedro S\u00e1nchez ,destac\u00f3 el compromiso con &#8220;los m\u00e1s vulnerables&#8221; del papa Francisco, en l\u00ednea con Emmanuel Macron, primer mandatario de Francia, de acuerdo con una publicaci\u00f3n del sitio RFI.<\/p>\n\n\n\n<p>&#8220;Lamento el fallecimiento del Papa Francisco. Su compromiso con la paz, la justicia social y los m\u00e1s vulnerables deja un legado profundo&#8221;, escribi\u00f3 S\u00e1nchez.<\/p>\n\n\n\n<p>La jefa de la Uni\u00f3n Europea, Ursula von der Leyen, resalt\u00f3 su &#8220;humildad y su amor por los m\u00e1s desfavorecidos&#8221;, mientras que el Vicepresidente de los Estados Unidos, JD Vance, expres\u00f3 sus condolencias &#8220;a los millones de cristianos que lo quer\u00edan&#8221;.<\/p>\n\n\n\n<p>&#8220;Nos dej\u00f3 un gran hombre&#8221;, afirm\u00f3 por su lado la primera ministra de Italia, Giorgia Meloni.<\/p>\n\n\n\n<p>Tambi\u00e9n el primer ministro de Etiop\u00eda, Abiy Ahmed Al\u00ed, salud\u00f3 &#8220;su legado de compasi\u00f3n&#8221; y &#8220;de humildad&#8221;.<\/p>\n\n\n\n<p>Por su parte, el presidente de Rusia, Vlad\u00edmir Putin, calific\u00f3 al papa de &#8220;defensor de los m\u00e1s altos valores del humanismo y la justicia&#8221;.<\/p>\n\n\n\n<p>El presidente israel\u00ed salud\u00f3 a &#8220;un hombre de profunda fe y compasi\u00f3n infinita&#8221; mientras que el presidente de Egipto, Abdelfatah El-Sisi,&nbsp; elogi\u00f3 al fallecido papa como &#8220;una voz de paz, amor y compasi\u00f3n&#8221;.<\/p>\n\n\n\n<p>El presidente de la Autoridad Palestina, Mahmud Ab\u00e1s, homenaje\u00f3 este lunes al difunto papa Francisco, &#8220;un amigo fiel del pueblo palestino&#8221;, seg\u00fan la agencia de prensa oficial Wafa.<\/p>\n\n\n\n<p>&#8220;Hemos perdido en el d\u00eda de hoy a un amigo fiel del pueblo palestino&#8221;, escribi\u00f3 Ab\u00e1s, quien destac\u00f3 que el pont\u00edfice argentino &#8220;reconoci\u00f3 al Estado palestino y autoriz\u00f3 que la bandera palestina fuera izada en el Vaticano&#8221;.<\/p>\n\n\n\n<p>El portavoz de la diplomacia iran\u00ed, Esma\u00efl Bagha\u00ef, afirm\u00f3 que rezaba &#8220;a Dios Todopoderoso por la paz&#8221; del papa Francisco y present\u00f3 sus &#8220;condolencias a todos los cristianos del mundo&#8221;.<\/p>\n\n\n\n<p>El Papa fue un &#8220;modelo de compasi\u00f3n&#8221;, afirma el primer ministro de India, Narendra Modi<\/p>\n\n\n\n<p>El primer ministro de Irlanda, Miche\u00e1l Martin, rindi\u00f3 homenaje a Francisco calific\u00e1ndolo como un &#8220;defensor de la justicia en el mundo moderno&#8221; y un defensor de los &#8220;pobres&#8221; y los &#8220;oprimidos&#8221;.<\/p>\n\n\n\n<p>El papa Francisco &#8220;se convirti\u00f3 en la voz de los pobres, los marginados y los oprimidos&#8221;, escribi\u00f3 Miche\u00e1l Martin en un mensaje publicado en X. Fue &#8220;un defensor de la justicia en el mundo moderno&#8221;, a\u00f1adi\u00f3, destacando su &#8220;solidaridad con los refugiados&#8221; y sus llamados a actuar por el clima y la paz en el mundo.<\/p>\n","protected":false},"excerpt":{"rendered":"<p>La Casa Blanca, pero tamib\u00e9n Herzog y la jerarqu\u00eda de Ir\u00e1n, despidieron al Sumo Pont\u00edfice de la Iglesia Cat\u00f3lica, pasando por Vlad\u00edmir Putin. &#8220;Descanse en paz, papa Francisco&#8221;, public\u00f3 en la red social X la Presidencia de Estados Unidos, que ilustr\u00f3 el mensaje con unas fotos del Sumo Pont\u00edfice junto al presidente Donald Trump y [&hellip;]<\/p>\n","protected":false},"author":11,"featured_media":5938,"comment_status":"open","ping_status":"open","sticky":false,"template":"","format":"standard","meta":{"footnotes":""},"categories":[26],"tags":[],"class_list":{"0":"post-5937","1":"post","2":"type-post","3":"status-publish","4":"format-standard","5":"has-post-thumbnail","7":"category-nacionales"},"aioseo_notices":[],"_links":{"self":[{"href":"https:\/\/lalupa24.com.ar\/index.php\/wp-json\/wp\/v2\/posts\/5937","targetHints":{"allow":["GET"]}}],"collection":[{"href":"https:\/\/lalupa24.com.ar\/index.php\/wp-json\/wp\/v2\/posts"}],"about":[{"href":"https:\/\/lalupa24.com.ar\/index.php\/wp-json\/wp\/v2\/types\/post"}],"author":[{"embeddable":true,"href":"https:\/\/lalupa24.com.ar\/index.php\/wp-json\/wp\/v2\/users\/11"}],"replies":[{"embeddable":true,"href":"https:\/\/lalupa24.com.ar\/index.php\/wp-json\/wp\/v2\/comments?post=5937"}],"version-history":[{"count":1,"href":"https:\/\/lalupa24.com.ar\/index.php\/wp-json\/wp\/v2\/posts\/5937\/revisions"}],"predecessor-version":[{"id":5939,"href":"https:\/\/lalupa24.com.ar\/index.php\/wp-json\/wp\/v2\/posts\/5937\/revisions\/5939"}],"wp:featuredmedia":[{"embeddable":true,"href":"https:\/\/lalupa24.com.ar\/index.php\/wp-json\/wp\/v2\/media\/5938"}],"wp:attachment":[{"href":"https:\/\/lalupa24.com.ar\/index.php\/wp-json\/wp\/v2\/media?parent=5937"}],"wp:term":[{"taxonomy":"category","embeddable":true,"href":"https:\/\/lalupa24.com.ar\/index.php\/wp-json\/wp\/v2\/categories?post=5937"},{"taxonomy":"post_tag","embeddable":true,"href":"https:\/\/lalupa24.com.ar\/index.php\/wp-json\/wp\/v2\/tags?post=5937"}],"curies":[{"name":"wp","href":"https:\/\/api.w.org\/{rel}","templated":true}]}}