{"id":5940,"date":"2025-04-21T11:57:32","date_gmt":"2025-04-21T14:57:32","guid":{"rendered":"https:\/\/lalupa24.com.ar\/?p=5940"},"modified":"2025-04-21T11:57:33","modified_gmt":"2025-04-21T14:57:33","slug":"quienes-son-los-principales-candidatos-para-suceder-al-papa-francisco","status":"publish","type":"post","link":"https:\/\/lalupa24.com.ar\/index.php\/2025\/04\/21\/quienes-son-los-principales-candidatos-para-suceder-al-papa-francisco\/","title":{"rendered":"\u00bfQui\u00e9nes son los principales candidatos para suceder al papa Francisco?"},"content":{"rendered":"\n<p>Tras la muerte de Francisco, el c\u00f3nclave elegir\u00e1 a su sucesor. Entre los candidatos hay progresistas como Tagle y Zuppi, y conservadores como Burke y Erd\u00f6.<\/p>\n\n\n\n<p>Tras la muerte del papa Francisco, el Vaticano ingres\u00f3 oficialmente en la etapa de sede vacante, un per\u00edodo excepcional que se cierra con la elecci\u00f3n de un nuevo pont\u00edfice a trav\u00e9s del tradicional c\u00f3nclave. Solo los cardenales menores de 80 a\u00f1os tienen derecho a voto: actualmente hay 136 purpurados habilitados, lo que abre una carrera con nombres provenientes de distintos sectores ideol\u00f3gicos de la Iglesia.<\/p>\n\n\n\n<p>Los principales candidatos a suceder a Jorge Bergoglio se destacan cardenales con presencia europea, latinoamericana y asi\u00e1tica.<\/p>\n\n\n\n<p>Luis Antonio Tagle (67 a\u00f1os, Filipinas): exarzobispo de Manila, actual prefecto de la Congregaci\u00f3n para la Evangelizaci\u00f3n de los Pueblos. Fuerte defensor de la justicia social y la inclusi\u00f3n.<\/p>\n\n\n\n<p>Matteo Zuppi (69 a\u00f1os, Italia): arzobispo de Bolonia y presidente de la Conferencia Episcopal Italiana. Cercano a la comunidad de Sant\u2019Egidio, fue enviado por Francisco en misi\u00f3n de paz a Ucrania y EE.UU.<\/p>\n\n\n\n<p>Peter Turkson (76 a\u00f1os, Ghana): referente africano. Ex prefecto del Dicasterio para el Desarrollo Humano Integral. Conocido por su enfoque sobre la justicia econ\u00f3mica y el medioambiente.<\/p>\n\n\n\n<p>Pietro Parolin (70 a\u00f1os, Italia): actual secretario de Estado del Vaticano, designado por Francisco en 2013. Tiene una s\u00f3lida trayectoria diplom\u00e1tica.<\/p>\n\n\n\n<p>Juan Jos\u00e9 Omella (77 a\u00f1os, Espa\u00f1a): arzobispo de Barcelona y expresidente de la Conferencia Episcopal Espa\u00f1ola. Fue creado cardenal en 2017.<\/p>\n\n\n\n<p>Luis Francisco Ladaria Ferrer (81 a\u00f1os, Espa\u00f1a): jesuita, ex prefecto de la Congregaci\u00f3n para la Doctrina de la Fe. Aunque no puede votar, puede ser elegido.<\/p>\n\n\n\n<p>Raymond Leo Burke (76 a\u00f1os, EE.UU.): cr\u00edtico severo de Francisco. Se opone a la comuni\u00f3n para divorciados vueltos a casar y a la apertura hacia la comunidad LGBTQ+.<\/p>\n\n\n\n<p>Peter Erd\u00f6 (72 a\u00f1os, Hungr\u00eda): arzobispo de Esztergom-Budapest. Se opone al acceso de los refugiados y a los cambios pastorales impulsados por Francisco.<\/p>\n\n\n\n<p>Gerhard Ludwig M\u00fcller (78 a\u00f1os, Alemania): ex prefecto de la Congregaci\u00f3n para la Doctrina de la Fe. Cr\u00edtico del papado de Francisco, sobre todo en materia doctrinal.<\/p>\n\n\n\n<p>Willem Eijk (71 a\u00f1os, Pa\u00edses Bajos): arzobispo de Utrecht. Te\u00f3logo tradicionalista, opositor a las reformas del actual pontificado.<\/p>\n\n\n\n<p>\u00bfQu\u00e9 se espera?<\/p>\n\n\n\n<p>El pr\u00f3ximo papa deber\u00e1 equilibrar la herencia de apertura de Francisco con los desaf\u00edos internos y externos que enfrenta la Iglesia. La composici\u00f3n del Colegio Cardenalicio, moldeada en su mayor\u00eda por el propio Bergoglio, hace prever que su sucesor mantendr\u00e1 un perfil reformista, aunque las tensiones con los sectores conservadores siguen vigentes. La decisi\u00f3n final se tomar\u00e1 tras una serie de votaciones secretas en la Capilla Sixtina.<\/p>\n","protected":false},"excerpt":{"rendered":"<p>Tras la muerte de Francisco, el c\u00f3nclave elegir\u00e1 a su sucesor. Entre los candidatos hay progresistas como Tagle y Zuppi, y conservadores como Burke y Erd\u00f6. Tras la muerte del papa Francisco, el Vaticano ingres\u00f3 oficialmente en la etapa de sede vacante, un per\u00edodo excepcional que se cierra con la elecci\u00f3n de un nuevo pont\u00edfice [&hellip;]<\/p>\n","protected":false},"author":11,"featured_media":5941,"comment_status":"open","ping_status":"open","sticky":false,"template":"","format":"standard","meta":{"footnotes":""},"categories":[26],"tags":[],"class_list":{"0":"post-5940","1":"post","2":"type-post","3":"status-publish","4":"format-standard","5":"has-post-thumbnail","7":"category-nacionales"},"aioseo_notices":[],"_links":{"self":[{"href":"https:\/\/lalupa24.com.ar\/index.php\/wp-json\/wp\/v2\/posts\/5940","targetHints":{"allow":["GET"]}}],"collection":[{"href":"https:\/\/lalupa24.com.ar\/index.php\/wp-json\/wp\/v2\/posts"}],"about":[{"href":"https:\/\/lalupa24.com.ar\/index.php\/wp-json\/wp\/v2\/types\/post"}],"author":[{"embeddable":true,"href":"https:\/\/lalupa24.com.ar\/index.php\/wp-json\/wp\/v2\/users\/11"}],"replies":[{"embeddable":true,"href":"https:\/\/lalupa24.com.ar\/index.php\/wp-json\/wp\/v2\/comments?post=5940"}],"version-history":[{"count":1,"href":"https:\/\/lalupa24.com.ar\/index.php\/wp-json\/wp\/v2\/posts\/5940\/revisions"}],"predecessor-version":[{"id":5942,"href":"https:\/\/lalupa24.com.ar\/index.php\/wp-json\/wp\/v2\/posts\/5940\/revisions\/5942"}],"wp:featuredmedia":[{"embeddable":true,"href":"https:\/\/lalupa24.com.ar\/index.php\/wp-json\/wp\/v2\/media\/5941"}],"wp:attachment":[{"href":"https:\/\/lalupa24.com.ar\/index.php\/wp-json\/wp\/v2\/media?parent=5940"}],"wp:term":[{"taxonomy":"category","embeddable":true,"href":"https:\/\/lalupa24.com.ar\/index.php\/wp-json\/wp\/v2\/categories?post=5940"},{"taxonomy":"post_tag","embeddable":true,"href":"https:\/\/lalupa24.com.ar\/index.php\/wp-json\/wp\/v2\/tags?post=5940"}],"curies":[{"name":"wp","href":"https:\/\/api.w.org\/{rel}","templated":true}]}}