{"id":5943,"date":"2025-04-21T12:02:45","date_gmt":"2025-04-21T15:02:45","guid":{"rendered":"https:\/\/lalupa24.com.ar\/?p=5943"},"modified":"2025-04-21T12:02:46","modified_gmt":"2025-04-21T15:02:46","slug":"javier-milei-viaja-al-vaticano-para-despedir-al-papa-francisco","status":"publish","type":"post","link":"https:\/\/lalupa24.com.ar\/index.php\/2025\/04\/21\/javier-milei-viaja-al-vaticano-para-despedir-al-papa-francisco\/","title":{"rendered":"Javier Milei viaja al Vaticano para despedir al papa Francisco"},"content":{"rendered":"\n<p>El Presidente argentino encabezar\u00e1 la delegaci\u00f3n oficial que participar\u00e1 del funeral de Jorge Bergoglio, tras decretar siete d\u00edas de duelo nacional.<\/p>\n\n\n\n<p>El presidente Javier Milei viajar\u00e1 en las pr\u00f3ximas horas al Vaticano para asistir al funeral del papa Francisco, primer pont\u00edfice argentino, fallecido este lunes a los 88 a\u00f1os, seg\u00fan confirmaron fuentes oficiales a Noticias Argentinas.<\/p>\n\n\n\n<p>El mandatario participar\u00e1 de la ceremonia f\u00fanebre en Roma y encabezar\u00e1 la delegaci\u00f3n argentina que rendir\u00e1 homenaje al Santo Padre. La despedida a Francisco reunir\u00e1 a l\u00edderes y jefes de Estado de todo el mundo en la Santa Sede.<\/p>\n\n\n\n<p>A trav\u00e9s de sus redes sociales, Milei expres\u00f3:<\/p>\n\n\n\n<p>&#8220;Con profundo dolor me entero esta triste ma\u00f1ana que el Papa Francisco, Jorge Bergoglio, falleci\u00f3 hoy y ya se encuentra descansando en paz. A pesar de diferencias que hoy resultan menores, haber podido conocerlo en su bondad y sabidur\u00eda fue un verdadero honor para m\u00ed. Como presidente, como argentino y, fundamentalmente, como un hombre de Fe, despido al Santo Padre y acompa\u00f1o a todos los que hoy nos encontramos con esta triste noticia. QEPD&#8221;.<\/p>\n\n\n\n<p>Adem\u00e1s, el Gobierno nacional decret\u00f3 siete d\u00edas de duelo por la muerte del Papa, durante los cuales las banderas permanecer\u00e1n izadas a media asta en todo el pa\u00eds y se suspender\u00e1n actos oficiales.<\/p>\n\n\n\n<p>El Presidente viajar\u00e1 junto a una comitiva reducida y mantendr\u00e1 reuniones protocolares en el marco de su estad\u00eda en Italia.<\/p>\n","protected":false},"excerpt":{"rendered":"<p>El Presidente argentino encabezar\u00e1 la delegaci\u00f3n oficial que participar\u00e1 del funeral de Jorge Bergoglio, tras decretar siete d\u00edas de duelo nacional. El presidente Javier Milei viajar\u00e1 en las pr\u00f3ximas horas al Vaticano para asistir al funeral del papa Francisco, primer pont\u00edfice argentino, fallecido este lunes a los 88 a\u00f1os, seg\u00fan confirmaron fuentes oficiales a Noticias [&hellip;]<\/p>\n","protected":false},"author":11,"featured_media":5944,"comment_status":"open","ping_status":"open","sticky":false,"template":"","format":"standard","meta":{"footnotes":""},"categories":[26],"tags":[],"class_list":{"0":"post-5943","1":"post","2":"type-post","3":"status-publish","4":"format-standard","5":"has-post-thumbnail","7":"category-nacionales"},"aioseo_notices":[],"_links":{"self":[{"href":"https:\/\/lalupa24.com.ar\/index.php\/wp-json\/wp\/v2\/posts\/5943","targetHints":{"allow":["GET"]}}],"collection":[{"href":"https:\/\/lalupa24.com.ar\/index.php\/wp-json\/wp\/v2\/posts"}],"about":[{"href":"https:\/\/lalupa24.com.ar\/index.php\/wp-json\/wp\/v2\/types\/post"}],"author":[{"embeddable":true,"href":"https:\/\/lalupa24.com.ar\/index.php\/wp-json\/wp\/v2\/users\/11"}],"replies":[{"embeddable":true,"href":"https:\/\/lalupa24.com.ar\/index.php\/wp-json\/wp\/v2\/comments?post=5943"}],"version-history":[{"count":1,"href":"https:\/\/lalupa24.com.ar\/index.php\/wp-json\/wp\/v2\/posts\/5943\/revisions"}],"predecessor-version":[{"id":5945,"href":"https:\/\/lalupa24.com.ar\/index.php\/wp-json\/wp\/v2\/posts\/5943\/revisions\/5945"}],"wp:featuredmedia":[{"embeddable":true,"href":"https:\/\/lalupa24.com.ar\/index.php\/wp-json\/wp\/v2\/media\/5944"}],"wp:attachment":[{"href":"https:\/\/lalupa24.com.ar\/index.php\/wp-json\/wp\/v2\/media?parent=5943"}],"wp:term":[{"taxonomy":"category","embeddable":true,"href":"https:\/\/lalupa24.com.ar\/index.php\/wp-json\/wp\/v2\/categories?post=5943"},{"taxonomy":"post_tag","embeddable":true,"href":"https:\/\/lalupa24.com.ar\/index.php\/wp-json\/wp\/v2\/tags?post=5943"}],"curies":[{"name":"wp","href":"https:\/\/api.w.org\/{rel}","templated":true}]}}