{"id":5946,"date":"2025-04-21T12:18:23","date_gmt":"2025-04-21T15:18:23","guid":{"rendered":"https:\/\/lalupa24.com.ar\/?p=5946"},"modified":"2025-04-21T12:18:24","modified_gmt":"2025-04-21T15:18:24","slug":"leandro-zdero-despidio-al-papa-francisco","status":"publish","type":"post","link":"https:\/\/lalupa24.com.ar\/index.php\/2025\/04\/21\/leandro-zdero-despidio-al-papa-francisco\/","title":{"rendered":"Leandro Zdero despidi\u00f3 al Papa Francisco"},"content":{"rendered":"\n<p>Este lunes por la ma\u00f1ana, el mandatario chaque\u00f1o record\u00f3 al Sumo Pont\u00edfice, tras conocerse la noticia de su fallecimiento.<\/p>\n\n\n\n<p>Luego de la que se concociera la noticia del fallecimiento del Papa Francisco, el gobernador del Chaco, Leandro Zdero, lo despidi\u00f3 en redes sociales. &#8220;La partida del Papa Francisco, el primer pont\u00edfice argentino y latinoamericano, nos entristece &#8220;, comenz\u00f3 diciendo el mandatario.<\/p>\n\n\n\n<p>&#8220;Hoy nos despedimos de un l\u00edder espiritual. Su legado y su huella imborrable, vivir\u00e1 en cada vida y en cada coraz\u00f3n que toc\u00f3. Argentina y el mundo, est\u00e1n de luto. Que en paz descanse&#8221;, cerr\u00f3 su posteo el gobernador chaque\u00f1o.<\/p>\n\n\n\n<p>En octubre del 2024, Leadro Zdero se reuni\u00f3 con el papa, donde dialog\u00f3 sobre la actualidad del pa\u00eds.<\/p>\n","protected":false},"excerpt":{"rendered":"<p>Este lunes por la ma\u00f1ana, el mandatario chaque\u00f1o record\u00f3 al Sumo Pont\u00edfice, tras conocerse la noticia de su fallecimiento. Luego de la que se concociera la noticia del fallecimiento del Papa Francisco, el gobernador del Chaco, Leandro Zdero, lo despidi\u00f3 en redes sociales. &#8220;La partida del Papa Francisco, el primer pont\u00edfice argentino y latinoamericano, nos [&hellip;]<\/p>\n","protected":false},"author":11,"featured_media":5947,"comment_status":"open","ping_status":"open","sticky":false,"template":"","format":"standard","meta":{"footnotes":""},"categories":[28],"tags":[],"class_list":{"0":"post-5946","1":"post","2":"type-post","3":"status-publish","4":"format-standard","5":"has-post-thumbnail","7":"category-locales"},"aioseo_notices":[],"_links":{"self":[{"href":"https:\/\/lalupa24.com.ar\/index.php\/wp-json\/wp\/v2\/posts\/5946","targetHints":{"allow":["GET"]}}],"collection":[{"href":"https:\/\/lalupa24.com.ar\/index.php\/wp-json\/wp\/v2\/posts"}],"about":[{"href":"https:\/\/lalupa24.com.ar\/index.php\/wp-json\/wp\/v2\/types\/post"}],"author":[{"embeddable":true,"href":"https:\/\/lalupa24.com.ar\/index.php\/wp-json\/wp\/v2\/users\/11"}],"replies":[{"embeddable":true,"href":"https:\/\/lalupa24.com.ar\/index.php\/wp-json\/wp\/v2\/comments?post=5946"}],"version-history":[{"count":1,"href":"https:\/\/lalupa24.com.ar\/index.php\/wp-json\/wp\/v2\/posts\/5946\/revisions"}],"predecessor-version":[{"id":5948,"href":"https:\/\/lalupa24.com.ar\/index.php\/wp-json\/wp\/v2\/posts\/5946\/revisions\/5948"}],"wp:featuredmedia":[{"embeddable":true,"href":"https:\/\/lalupa24.com.ar\/index.php\/wp-json\/wp\/v2\/media\/5947"}],"wp:attachment":[{"href":"https:\/\/lalupa24.com.ar\/index.php\/wp-json\/wp\/v2\/media?parent=5946"}],"wp:term":[{"taxonomy":"category","embeddable":true,"href":"https:\/\/lalupa24.com.ar\/index.php\/wp-json\/wp\/v2\/categories?post=5946"},{"taxonomy":"post_tag","embeddable":true,"href":"https:\/\/lalupa24.com.ar\/index.php\/wp-json\/wp\/v2\/tags?post=5946"}],"curies":[{"name":"wp","href":"https:\/\/api.w.org\/{rel}","templated":true}]}}