{"id":5949,"date":"2025-04-21T12:36:48","date_gmt":"2025-04-21T15:36:48","guid":{"rendered":"https:\/\/lalupa24.com.ar\/?p=5949"},"modified":"2025-04-21T12:36:49","modified_gmt":"2025-04-21T15:36:49","slug":"educacion-promueve-espacios-de-reflexion-en-las-escuelas-por-el-fallecimiento-del-papa-francisco","status":"publish","type":"post","link":"https:\/\/lalupa24.com.ar\/index.php\/2025\/04\/21\/educacion-promueve-espacios-de-reflexion-en-las-escuelas-por-el-fallecimiento-del-papa-francisco\/","title":{"rendered":"Educaci\u00f3n promueve espacios de reflexi\u00f3n en las escuelas por el fallecimiento del papa Francisco"},"content":{"rendered":"\n<p>El Ministerio de Educaci\u00f3n de la Provincia, a trav\u00e9s de la Direcci\u00f3n de Educaci\u00f3n P\u00fablica de Gesti\u00f3n Privada, informa que ante el fallecimiento del Papa Francisco las unidades educativas privadas que profesan la fe cat\u00f3lica y todas aquellas comunidades escolares que lo requieran, durante esta semana pueden concretar espacios de reflexi\u00f3n y de oraci\u00f3n junto a sus estudiantes y docentes en la jornada escolar.<\/p>\n\n\n\n<p>Desde la cartera educativa se aclar\u00f3 que no est\u00e1 prevista la suspensi\u00f3n de clases,* sino que se invita a generar espacios en la jornada educativa como una posibilidad de compartir la fruct\u00edfera vida del Papa Francisco y su legado de paz para los j\u00f3venes y para todo el mundo.<\/p>\n","protected":false},"excerpt":{"rendered":"<p>El Ministerio de Educaci\u00f3n de la Provincia, a trav\u00e9s de la Direcci\u00f3n de Educaci\u00f3n P\u00fablica de Gesti\u00f3n Privada, informa que ante el fallecimiento del Papa Francisco las unidades educativas privadas que profesan la fe cat\u00f3lica y todas aquellas comunidades escolares que lo requieran, durante esta semana pueden concretar espacios de reflexi\u00f3n y de oraci\u00f3n junto [&hellip;]<\/p>\n","protected":false},"author":11,"featured_media":5950,"comment_status":"open","ping_status":"open","sticky":false,"template":"","format":"standard","meta":{"footnotes":""},"categories":[28],"tags":[],"class_list":{"0":"post-5949","1":"post","2":"type-post","3":"status-publish","4":"format-standard","5":"has-post-thumbnail","7":"category-locales"},"aioseo_notices":[],"_links":{"self":[{"href":"https:\/\/lalupa24.com.ar\/index.php\/wp-json\/wp\/v2\/posts\/5949","targetHints":{"allow":["GET"]}}],"collection":[{"href":"https:\/\/lalupa24.com.ar\/index.php\/wp-json\/wp\/v2\/posts"}],"about":[{"href":"https:\/\/lalupa24.com.ar\/index.php\/wp-json\/wp\/v2\/types\/post"}],"author":[{"embeddable":true,"href":"https:\/\/lalupa24.com.ar\/index.php\/wp-json\/wp\/v2\/users\/11"}],"replies":[{"embeddable":true,"href":"https:\/\/lalupa24.com.ar\/index.php\/wp-json\/wp\/v2\/comments?post=5949"}],"version-history":[{"count":1,"href":"https:\/\/lalupa24.com.ar\/index.php\/wp-json\/wp\/v2\/posts\/5949\/revisions"}],"predecessor-version":[{"id":5951,"href":"https:\/\/lalupa24.com.ar\/index.php\/wp-json\/wp\/v2\/posts\/5949\/revisions\/5951"}],"wp:featuredmedia":[{"embeddable":true,"href":"https:\/\/lalupa24.com.ar\/index.php\/wp-json\/wp\/v2\/media\/5950"}],"wp:attachment":[{"href":"https:\/\/lalupa24.com.ar\/index.php\/wp-json\/wp\/v2\/media?parent=5949"}],"wp:term":[{"taxonomy":"category","embeddable":true,"href":"https:\/\/lalupa24.com.ar\/index.php\/wp-json\/wp\/v2\/categories?post=5949"},{"taxonomy":"post_tag","embeddable":true,"href":"https:\/\/lalupa24.com.ar\/index.php\/wp-json\/wp\/v2\/tags?post=5949"}],"curies":[{"name":"wp","href":"https:\/\/api.w.org\/{rel}","templated":true}]}}