{"id":5958,"date":"2025-04-22T08:57:00","date_gmt":"2025-04-22T11:57:00","guid":{"rendered":"https:\/\/lalupa24.com.ar\/?p=5958"},"modified":"2025-04-22T12:18:39","modified_gmt":"2025-04-22T15:18:39","slug":"el-vaticano-difundio-las-primeras-imagenes-del-feretro-del-papa-francisco","status":"publish","type":"post","link":"https:\/\/lalupa24.com.ar\/index.php\/2025\/04\/22\/el-vaticano-difundio-las-primeras-imagenes-del-feretro-del-papa-francisco\/","title":{"rendered":"El Vaticano difundi\u00f3 las primeras im\u00e1genes del f\u00e9retro del papa Francisco"},"content":{"rendered":"\n<p>El ata\u00fad del Sumo Pont\u00edfice est\u00e1 dispuesto en la Capilla de Santa Marta. El programa de los funerales tendr\u00e1 su punto culminante el pr\u00f3ximo s\u00e1bado.<\/p>\n\n\n\n<p>El Vaticano hizo p\u00fablicas este martes las primeras im\u00e1genes del f\u00e9retro del papa Francisco, en tanto que tambi\u00e9n detall\u00f3 el programa de los funerales, que el s\u00e1bado 26 tendr\u00e1 su punto culminante. El ata\u00fad del Sumo Pont\u00edfice est\u00e1 dispuesto en la Capilla de Santa Marta. Se trata de un simple ata\u00fad de madera abierto sin el catafalco, en el que el Papa descansa vestido con la mitra, la sotana blanca, la casulla roja y el palio blanco. En sus manos sostiene el rosario.<\/p>\n\n\n\n<p>La Oficina de Prensa del Vaticano inform\u00f3 que, &#8220;el mi\u00e9rcoles 23 de abril, a las 9.00 horas, el f\u00e9retro que contiene el difunto Romano Pont\u00edfice Francisco ser\u00e1 trasladado desde la capilla de la Domus Sanct\u00e6 Marth\u00e6 a la Bas\u00edlica Papal de San Pedro, seg\u00fan lo previsto por el Ordo Exsequiarum Romani Pontificis (nn. 41-65)&#8221;.<\/p>\n\n\n\n<p>Adem\u00e1s, la Oficina de Prensa se\u00f1al\u00f3 que &#8220;despu\u00e9s del momento de oraci\u00f3n, presidido por el cardenal Kevin Joseph Farrell, Camarlengo de la Santa Iglesia Romana, comenzar\u00e1 el traslado del f\u00e9retro, ya el s\u00e1bado 26.&nbsp; La procesi\u00f3n pasar\u00e1 por la Plaza Santa Marta y la Plaza de los Protom\u00e1rtires Romanos; desde el Arco de las Campanas se subir\u00e1 a la Plaza de San Pedro y se entrar\u00e1 en la Bas\u00edlica Vaticana por la puerta central&#8221;.<\/p>\n\n\n\n<p>A las 10 de la ma\u00f1ana, primer d\u00eda del Novendiali, se celebrar\u00e1 la Misa exequial del Papa Francisco en la parvis de la Bas\u00edlica, seg\u00fan el Ordo Exsequiarum Romani Pontificis. La &#8230;Liturgia de la Palabra y \u00faltimo saludo de los fielesFinalmente, en el comunicado difundido esta ma\u00f1ana por la Oficina de Prensa se indica que, &#8220;en el Altar de la Confesi\u00f3n, el Cardenal Camarlengo presidir\u00e1 la Liturgia de la Palabra, al final de la cual comenzar\u00e1n las visitas al f\u00e9retro del Romano Pont\u00edfice&#8221;.<\/p>\n","protected":false},"excerpt":{"rendered":"<p>El ata\u00fad del Sumo Pont\u00edfice est\u00e1 dispuesto en la Capilla de Santa Marta. El programa de los funerales tendr\u00e1 su punto culminante el pr\u00f3ximo s\u00e1bado. El Vaticano hizo p\u00fablicas este martes las primeras im\u00e1genes del f\u00e9retro del papa Francisco, en tanto que tambi\u00e9n detall\u00f3 el programa de los funerales, que el s\u00e1bado 26 tendr\u00e1 su [&hellip;]<\/p>\n","protected":false},"author":11,"featured_media":5959,"comment_status":"open","ping_status":"open","sticky":false,"template":"","format":"standard","meta":{"footnotes":""},"categories":[1,26],"tags":[],"class_list":{"0":"post-5958","1":"post","2":"type-post","3":"status-publish","4":"format-standard","5":"has-post-thumbnail","7":"category-blog","8":"category-nacionales"},"aioseo_notices":[],"_links":{"self":[{"href":"https:\/\/lalupa24.com.ar\/index.php\/wp-json\/wp\/v2\/posts\/5958","targetHints":{"allow":["GET"]}}],"collection":[{"href":"https:\/\/lalupa24.com.ar\/index.php\/wp-json\/wp\/v2\/posts"}],"about":[{"href":"https:\/\/lalupa24.com.ar\/index.php\/wp-json\/wp\/v2\/types\/post"}],"author":[{"embeddable":true,"href":"https:\/\/lalupa24.com.ar\/index.php\/wp-json\/wp\/v2\/users\/11"}],"replies":[{"embeddable":true,"href":"https:\/\/lalupa24.com.ar\/index.php\/wp-json\/wp\/v2\/comments?post=5958"}],"version-history":[{"count":1,"href":"https:\/\/lalupa24.com.ar\/index.php\/wp-json\/wp\/v2\/posts\/5958\/revisions"}],"predecessor-version":[{"id":5960,"href":"https:\/\/lalupa24.com.ar\/index.php\/wp-json\/wp\/v2\/posts\/5958\/revisions\/5960"}],"wp:featuredmedia":[{"embeddable":true,"href":"https:\/\/lalupa24.com.ar\/index.php\/wp-json\/wp\/v2\/media\/5959"}],"wp:attachment":[{"href":"https:\/\/lalupa24.com.ar\/index.php\/wp-json\/wp\/v2\/media?parent=5958"}],"wp:term":[{"taxonomy":"category","embeddable":true,"href":"https:\/\/lalupa24.com.ar\/index.php\/wp-json\/wp\/v2\/categories?post=5958"},{"taxonomy":"post_tag","embeddable":true,"href":"https:\/\/lalupa24.com.ar\/index.php\/wp-json\/wp\/v2\/tags?post=5958"}],"curies":[{"name":"wp","href":"https:\/\/api.w.org\/{rel}","templated":true}]}}