{"id":5961,"date":"2025-04-22T12:30:13","date_gmt":"2025-04-22T15:30:13","guid":{"rendered":"https:\/\/lalupa24.com.ar\/?p=5961"},"modified":"2025-04-22T12:30:13","modified_gmt":"2025-04-22T15:30:13","slug":"zelenski-tiene-previsto-asistir-a-los-funerales-del-papa-pero-putin-no-viajara","status":"publish","type":"post","link":"https:\/\/lalupa24.com.ar\/index.php\/2025\/04\/22\/zelenski-tiene-previsto-asistir-a-los-funerales-del-papa-pero-putin-no-viajara\/","title":{"rendered":"Zelenski tiene previsto asistir a los funerales del Papa pero Putin no viajar\u00e1"},"content":{"rendered":"\n<p>Tambi\u00e9n estar\u00e1n Donald Trump, Luiz In\u00e1cio Lula Da Silva y Javier Milei.<\/p>\n\n\n\n<p>El presidente de Ucrania, Volod\u00edmir Zelenski, tiene planeado asistir a los funerales del papa Francisco el pr\u00f3ximo s\u00e1bado 26, al contrario que Vlad\u00edmir Putin, informaron hoy medios internacionales.<\/p>\n\n\n\n<p>Tambi\u00e9n estar\u00e1n en el Vaticano el primer mandatario de los Estados Unidos, Donald Trump; el de Brasil, Luiz In\u00e1cio Lula Da Silva; junto al argentino Javier Milei, entre otros.<\/p>\n\n\n\n<p>La Oficina de Prensa del Vaticano dio a conocer los pasos que se dar\u00e1n con el f\u00e9retro que contiene el cuerpo del difunto Pont\u00edfice Francisco y especific\u00f3 que tras las procesiones, el s\u00e1bado 26, a las 10:00, se llevar\u00e1 a cabo &#8220;la Misa exequial del Papa Francisco en la parvis de la Bas\u00edlica de San Pedro, seg\u00fan el Ordo Exsequiarum Romani Pontificis&#8221;.<\/p>\n\n\n\n<p>&#8220;En el Altar de la Confesi\u00f3n, el Cardenal Camarlengo presidir\u00e1 la Liturgia de la Palabra, al final de la cual comenzar\u00e1n las visitas al f\u00e9retro del Romano Pont\u00edfice&#8221;, sigue un comunicado del Vaticano.<\/p>\n\n\n\n<p>Qued\u00f3 establecido que &#8220;la liturgia exequial estar\u00e1 presidida por el cardenal Giovanni Battista Re, decano del Colegio Cardenalicio&#8221;.<\/p>\n\n\n\n<p>&#8220;Al final de la celebraci\u00f3n eucar\u00edstica tendr\u00e1 lugar la Ultima commendatio y la Valedictio. A continuaci\u00f3n, el f\u00e9retro del Papa ser\u00e1 trasladado a la Bas\u00edlica de San Pedro y de all\u00ed a la Bas\u00edlica de Santa Mar\u00eda la Mayor para su inhumaci\u00f3n&#8221;, concluye.&nbsp;<\/p>\n\n\n\n<p>A partir de esas determinaciones, la Oficina del Presidente Zelenski programaba el desplazamiento del mandatario de Ucrania a Roma para despedir al Pont\u00edfice, seg\u00fan el medio oficial Ukrinform.<\/p>\n\n\n\n<p>Por el contrario, Putin, anunci\u00f3 que no asistir\u00e1 al funeral del papa Francisco, seg\u00fan informaciones de Newsweek.<\/p>\n\n\n\n<p>La revista norteamericana repar\u00f3 a prop\u00f3sito de esa noticia, que all\u00ed podr\u00eda haberse dado &#8220;el primer encuentro presencial entre Putin y Trump, desde que \u00e9ste regres\u00f3 al cargo con la promesa de poner fin a la invasi\u00f3n rusa de Ucrania&#8221;.<\/p>\n\n\n\n<p>Putin ampli\u00f3 que todav\u00eda no dispuso qui\u00e9n representar\u00e1 a Rusia en el funeral del s\u00e1bado 26 de abril, seg\u00fan inform\u00f3 la agencia estatal de noticias rusa, RIAE. Existe una orden de arresto de la Corte Penal Internacional contra Putin por presuntos cr\u00edmenes de guerra relacionados con su invasi\u00f3n de Ucrania, lo que habr\u00eda dificultado su asistencia al funeral del Papa<\/p>\n","protected":false},"excerpt":{"rendered":"<p>Tambi\u00e9n estar\u00e1n Donald Trump, Luiz In\u00e1cio Lula Da Silva y Javier Milei. El presidente de Ucrania, Volod\u00edmir Zelenski, tiene planeado asistir a los funerales del papa Francisco el pr\u00f3ximo s\u00e1bado 26, al contrario que Vlad\u00edmir Putin, informaron hoy medios internacionales. Tambi\u00e9n estar\u00e1n en el Vaticano el primer mandatario de los Estados Unidos, Donald Trump; el [&hellip;]<\/p>\n","protected":false},"author":11,"featured_media":5962,"comment_status":"open","ping_status":"open","sticky":false,"template":"","format":"standard","meta":{"footnotes":""},"categories":[25,26],"tags":[],"class_list":{"0":"post-5961","1":"post","2":"type-post","3":"status-publish","4":"format-standard","5":"has-post-thumbnail","7":"category-internacionales","8":"category-nacionales"},"aioseo_notices":[],"_links":{"self":[{"href":"https:\/\/lalupa24.com.ar\/index.php\/wp-json\/wp\/v2\/posts\/5961","targetHints":{"allow":["GET"]}}],"collection":[{"href":"https:\/\/lalupa24.com.ar\/index.php\/wp-json\/wp\/v2\/posts"}],"about":[{"href":"https:\/\/lalupa24.com.ar\/index.php\/wp-json\/wp\/v2\/types\/post"}],"author":[{"embeddable":true,"href":"https:\/\/lalupa24.com.ar\/index.php\/wp-json\/wp\/v2\/users\/11"}],"replies":[{"embeddable":true,"href":"https:\/\/lalupa24.com.ar\/index.php\/wp-json\/wp\/v2\/comments?post=5961"}],"version-history":[{"count":1,"href":"https:\/\/lalupa24.com.ar\/index.php\/wp-json\/wp\/v2\/posts\/5961\/revisions"}],"predecessor-version":[{"id":5963,"href":"https:\/\/lalupa24.com.ar\/index.php\/wp-json\/wp\/v2\/posts\/5961\/revisions\/5963"}],"wp:featuredmedia":[{"embeddable":true,"href":"https:\/\/lalupa24.com.ar\/index.php\/wp-json\/wp\/v2\/media\/5962"}],"wp:attachment":[{"href":"https:\/\/lalupa24.com.ar\/index.php\/wp-json\/wp\/v2\/media?parent=5961"}],"wp:term":[{"taxonomy":"category","embeddable":true,"href":"https:\/\/lalupa24.com.ar\/index.php\/wp-json\/wp\/v2\/categories?post=5961"},{"taxonomy":"post_tag","embeddable":true,"href":"https:\/\/lalupa24.com.ar\/index.php\/wp-json\/wp\/v2\/tags?post=5961"}],"curies":[{"name":"wp","href":"https:\/\/api.w.org\/{rel}","templated":true}]}}