{"id":597,"date":"2024-02-16T08:51:59","date_gmt":"2024-02-16T11:51:59","guid":{"rendered":"https:\/\/lalupa24.com.ar\/?p=597"},"modified":"2024-03-12T08:53:12","modified_gmt":"2024-03-12T11:53:12","slug":"verano-en-el-lab-la-idea-es-despertar-la-chispa-de-la-ciencia-y-tecnologia-en-los-ninos-y-adolescentes","status":"publish","type":"post","link":"https:\/\/lalupa24.com.ar\/index.php\/2024\/02\/16\/verano-en-el-lab-la-idea-es-despertar-la-chispa-de-la-ciencia-y-tecnologia-en-los-ninos-y-adolescentes\/","title":{"rendered":"Verano en el Lab: \u201cLa idea es despertar la chispa de la ciencia y tecnolog\u00eda en los ni\u00f1os y adolescentes\u201d"},"content":{"rendered":"\n<p>La subsecretar\u00eda de Ciencia y Tecnolog\u00eda, Claudia Pilar, invit\u00f3 a participar de las actividades que se llevan a cabo en el espacio Conectar Lab de Fontana y dio detalles de los proyectos que se llevar\u00e1n a cabo durante el a\u00f1o relacionados con la programaci\u00f3n, la rob\u00f3tica, el arte y la m\u00fasica, entre otras disciplinas.<\/p>\n\n\n\n<p>\u201cSe trata de una convocatoria que denominamos Verano en el Lab para que los ni\u00f1os, j\u00f3venes y adolescentes puedan disfrutar de una tarde en el espacio Conectar Lab, que queda en la localidad de Fontana. All\u00ed pueden realizar actividades de programaci\u00f3n, rob\u00f3tica, arte, m\u00fasica y desarrollar vocaciones tempranas en todas estas disciplinas\u201d, cont\u00f3 la subsecretaria de visita en los estudios de&nbsp;<strong>CIUDAD TV<\/strong>&nbsp;.&nbsp;<\/p>\n\n\n\n<p>Desde que comenz\u00f3 la agenda en el espacio, ubicado en el casco hist\u00f3rico de Fontana, participaron m\u00e1s de 60 chicos del Gran Resistencia y del interior de la provincia. \u201cA partir del 5 de febrero, hicimos una serie de actividades que tienen que ver con espacios para la juventud y espacios m\u00e1s hacia la ni\u00f1ez. La Subsecretar\u00eda de Juventudes, dentro del Ministerio de Desarrollo, est\u00e1 haciendo unas actividades que incluyen el Conectar Lab dentro de una agenda un poco m\u00e1s grande y chicos de General Vedia,&nbsp; Villa de R\u00edo Bermejito y hoy La Verde, visitan el espacio de 3 a 5; otros d\u00edas est\u00e1n destinados a los espacios convivenciales alternativos tambi\u00e9n del Ministerio de Desarrollo Humano; y hay d\u00edas espec\u00edficos abiertos a toda la comunidad\u201d, detall\u00f3.&nbsp;<\/p>\n\n\n\n<p>Quienes deseen visitar el Conectar Lab, pueden hacerlo los martes 20 y 27 y el viernes 1 de marzo, previa inscripci\u00f3n a trav\u00e9s de Conectar Lab Chaco o en CYT_Chaco en Instagram. \u201cSe pueden inscribir en las redes sociales ni\u00f1os de entre 8 y 12 a\u00f1os, el&nbsp; 20, y adolescentes a partir de 13 a\u00f1os, el 27 y el 1 de marzo. En ese lugar van a poder desarrollar distintas actividades cient\u00edficas, art\u00edsticas, m\u00fasica y otras iniciativas tecnol\u00f3gicas como rob\u00f3tica y pueden desarrollar una tarde distinta en el verano chaque\u00f1o\u201d, remarc\u00f3.<\/p>\n\n\n\n<p><strong>Las actividades<\/strong><\/p>\n\n\n\n<p>Pilar se\u00f1al\u00f3 que \u201ccada propuesta est\u00e1 enmarcada en los Objetivos de Desarrollo Sostenible como tem\u00e1tica transversal se desarrollan actividades acorde a cada edad, desde la cuesti\u00f3n art\u00edstica que luego pasa a una instancia relativa a la digitalizaci\u00f3n\u201d.&nbsp;<\/p>\n\n\n\n<p>\u201cPor ejemplo, trabajaron en stop motion e hicieron mu\u00f1equitos de plastilina que luego se animan a trav\u00e9s de una propuesta de valorizar los recursos naturales, una peque\u00f1a historia\u201d, coment\u00f3 sobre las \u00faltimas actividades y destac\u00f3 que \u201ces muy interesante c\u00f3mo relacionan las cuestiones de conciencia ambiental con cuestiones tecnol\u00f3gicas, cient\u00edficas y las posibilidades de digitalizaci\u00f3n\u201d.&nbsp;<\/p>\n\n\n\n<p>\u201cEn esas dos horas de actividad pudieron hacer su propia historia y realmente es muy creativo y genera una iniciativa interesante en los j\u00f3venes. Ellos no le tienen miedo a la tecnolog\u00eda, lo cual es s\u00faper interesante y hay que canalizar todas esas iniciativas a trav\u00e9s de estos espacios que est\u00e1n realmente armados para poder despertar todos esos intereses de forma temprana\u201d, consider\u00f3 al funcionaria.&nbsp;<\/p>\n\n\n\n<p><strong>Participaci\u00f3n en la educaci\u00f3n formal<\/strong><\/p>\n\n\n\n<p>La subsecretar\u00eda de CYT tambi\u00e9n se refiri\u00f3 a la agenda que el \u00e1rea proyecta para el resto del a\u00f1o: \u201cEstamos aprovechando esta primera instancia para que esta propuesta llegue a muchos lugares. Y, a partir de que comiencen las clases, se va a enfocar m\u00e1s al sector de la educaci\u00f3n formal, de primaria y secundaria, y posteriormente tambi\u00e9n vamos a participar de distintos eventos, por ejemplo, la Bienal del Chaco, donde vamos a sacar el Lab al exterior y mostrar de qu\u00e9 se trata en esos otros contextos\u201d.&nbsp;<\/p>\n\n\n\n<p>\u201cLa agenda tiene que ver con una educaci\u00f3n no formal y sobre todo la idea de despertar la chispa de la ciencia y tecnolog\u00eda en los ni\u00f1os, ni\u00f1as y adolescentes de la provincia del Chaco\u201d, cerr\u00f3.<\/p>\n","protected":false},"excerpt":{"rendered":"<p>La subsecretar\u00eda de Ciencia y Tecnolog\u00eda, Claudia Pilar, invit\u00f3 a participar de las actividades que se llevan a cabo en el espacio Conectar Lab de Fontana y dio detalles de los proyectos que se llevar\u00e1n a cabo durante el a\u00f1o relacionados con la programaci\u00f3n, la rob\u00f3tica, el arte y la m\u00fasica, entre otras disciplinas. \u201cSe [&hellip;]<\/p>\n","protected":false},"author":2,"featured_media":598,"comment_status":"open","ping_status":"open","sticky":false,"template":"","format":"standard","meta":{"footnotes":""},"categories":[27],"tags":[],"class_list":{"0":"post-597","1":"post","2":"type-post","3":"status-publish","4":"format-standard","5":"has-post-thumbnail","7":"category-interior"},"aioseo_notices":[],"_links":{"self":[{"href":"https:\/\/lalupa24.com.ar\/index.php\/wp-json\/wp\/v2\/posts\/597","targetHints":{"allow":["GET"]}}],"collection":[{"href":"https:\/\/lalupa24.com.ar\/index.php\/wp-json\/wp\/v2\/posts"}],"about":[{"href":"https:\/\/lalupa24.com.ar\/index.php\/wp-json\/wp\/v2\/types\/post"}],"author":[{"embeddable":true,"href":"https:\/\/lalupa24.com.ar\/index.php\/wp-json\/wp\/v2\/users\/2"}],"replies":[{"embeddable":true,"href":"https:\/\/lalupa24.com.ar\/index.php\/wp-json\/wp\/v2\/comments?post=597"}],"version-history":[{"count":1,"href":"https:\/\/lalupa24.com.ar\/index.php\/wp-json\/wp\/v2\/posts\/597\/revisions"}],"predecessor-version":[{"id":599,"href":"https:\/\/lalupa24.com.ar\/index.php\/wp-json\/wp\/v2\/posts\/597\/revisions\/599"}],"wp:featuredmedia":[{"embeddable":true,"href":"https:\/\/lalupa24.com.ar\/index.php\/wp-json\/wp\/v2\/media\/598"}],"wp:attachment":[{"href":"https:\/\/lalupa24.com.ar\/index.php\/wp-json\/wp\/v2\/media?parent=597"}],"wp:term":[{"taxonomy":"category","embeddable":true,"href":"https:\/\/lalupa24.com.ar\/index.php\/wp-json\/wp\/v2\/categories?post=597"},{"taxonomy":"post_tag","embeddable":true,"href":"https:\/\/lalupa24.com.ar\/index.php\/wp-json\/wp\/v2\/tags?post=597"}],"curies":[{"name":"wp","href":"https:\/\/api.w.org\/{rel}","templated":true}]}}