{"id":5970,"date":"2025-04-22T13:06:18","date_gmt":"2025-04-22T16:06:18","guid":{"rendered":"https:\/\/lalupa24.com.ar\/?p=5970"},"modified":"2025-04-22T13:06:19","modified_gmt":"2025-04-22T16:06:19","slug":"las-ultimas-horas-del-papa-sereno-y-agradecido","status":"publish","type":"post","link":"https:\/\/lalupa24.com.ar\/index.php\/2025\/04\/22\/las-ultimas-horas-del-papa-sereno-y-agradecido\/","title":{"rendered":"Las \u00faltimas horas del Papa: sereno y agradecido"},"content":{"rendered":"\n<p>El domingo descans\u00f3 por la tarde y cen\u00f3 tranquilamente, pero a las 5.30 (hora de Italia) del lunes aparecieron los primeros s\u00edntomas del malestar.<\/p>\n\n\n\n<p>Durante sus \u00faltimas horas con vida el papa Francisco estuvo sereno y agradecido, en medio de la celebraci\u00f3n por las Pascuas. Desde la oficina de prensa de la Santa Sede informaron que el domingo descans\u00f3 por la tarde y cen\u00f3 sin problemas, pero a las 5.30 (hora de Italia) del lunes aparecieron los primeros s\u00edntomas del malestar.<\/p>\n\n\n\n<p>\u201cUna hora despu\u00e9s, tras saludar a Massimiliano Strappetti (enfermero), tumbado en la cama de su piso en la segunda planta de la Casa Santa Marta, el Pont\u00edfice entr\u00f3 en coma\u201d, se\u00f1ala el escrito.<\/p>\n\n\n\n<p>En este marco, quienes estuvieron a su alrededor destacaron que \u201cno sufri\u00f3\u201d y que todo \u201csucedi\u00f3 muy r\u00e1pido\u201d.<\/p>\n\n\n\n<p>\u201cUna muerte discreta, casi repentina, sin largas esperas ni demasiado clamor para un Papa que siempre hab\u00eda mantenido su salud en gran secreto\u201d, a\u00f1adieron en el comunicado.<\/p>\n\n\n\n<p>Otro de los momentos que subrayan es cuando el domingo sorprendi\u00f3 con la idea de visitar a los fieles: \u201cEn el balc\u00f3n del coraz\u00f3n de la fachada de la Bas\u00edlica vaticana, cuando los fieles de las treinta y cinco mil iniciales se hab\u00edan convertido ya en cincuenta mil, el Papa quiso dar una \u00faltima y significativa sorpresa yendo a la Plaza de San Pedro para dar una vuelta en el papam\u00f3vil. No sin cierto temor inicial: \u2018\u00bfCrees que podr\u00e9 hacerlo?\u2019, le hab\u00eda preguntado a Strappetti, quien lo tranquiliz\u00f3\u201d.<\/p>\n\n\n\n<p>\u201cCansado pero feliz, el Papa agradeci\u00f3 a su asistente personal de salud: \u2018Gracias por traerme de vuelta a la Plaza\u2019\u201d, reflexion\u00f3.<\/p>\n\n\n\n<p>Luego de haber estado internado durante 38 d\u00edas en el Policl\u00ednico Gemelli por problemas respiratorios, tras ser dado de alta, los m\u00e9dicos informaron que su proceso de recuperaci\u00f3n iba a ser arduo, as\u00ed como tambi\u00e9n la organizaci\u00f3n de su agenda.<\/p>\n\n\n\n<p>Sin embargo, la causa de su fallecimiento fue por un derrame cerebral, producto de todos los factores de riesgo que padec\u00eda.<\/p>\n\n\n\n<p>\u201cUna muerte que se produjo al d\u00eda siguiente de la Pascua, al d\u00eda siguiente de haber bendecido a la ciudad y al mundo, al d\u00eda siguiente de haber abrazado de nuevo, despu\u00e9s de mucho tiempo, al pueblo. Aquel al que, desde los primeros momentos de su elecci\u00f3n, el 13 de marzo del 2013, hab\u00eda prometido un camino \u2018juntos\u2019\u201d, concluy\u00f3 el escrito..<\/p>\n","protected":false},"excerpt":{"rendered":"<p>El domingo descans\u00f3 por la tarde y cen\u00f3 tranquilamente, pero a las 5.30 (hora de Italia) del lunes aparecieron los primeros s\u00edntomas del malestar. Durante sus \u00faltimas horas con vida el papa Francisco estuvo sereno y agradecido, en medio de la celebraci\u00f3n por las Pascuas. Desde la oficina de prensa de la Santa Sede informaron [&hellip;]<\/p>\n","protected":false},"author":11,"featured_media":5971,"comment_status":"open","ping_status":"open","sticky":false,"template":"","format":"standard","meta":{"footnotes":""},"categories":[25],"tags":[],"class_list":{"0":"post-5970","1":"post","2":"type-post","3":"status-publish","4":"format-standard","5":"has-post-thumbnail","7":"category-internacionales"},"aioseo_notices":[],"_links":{"self":[{"href":"https:\/\/lalupa24.com.ar\/index.php\/wp-json\/wp\/v2\/posts\/5970","targetHints":{"allow":["GET"]}}],"collection":[{"href":"https:\/\/lalupa24.com.ar\/index.php\/wp-json\/wp\/v2\/posts"}],"about":[{"href":"https:\/\/lalupa24.com.ar\/index.php\/wp-json\/wp\/v2\/types\/post"}],"author":[{"embeddable":true,"href":"https:\/\/lalupa24.com.ar\/index.php\/wp-json\/wp\/v2\/users\/11"}],"replies":[{"embeddable":true,"href":"https:\/\/lalupa24.com.ar\/index.php\/wp-json\/wp\/v2\/comments?post=5970"}],"version-history":[{"count":1,"href":"https:\/\/lalupa24.com.ar\/index.php\/wp-json\/wp\/v2\/posts\/5970\/revisions"}],"predecessor-version":[{"id":5972,"href":"https:\/\/lalupa24.com.ar\/index.php\/wp-json\/wp\/v2\/posts\/5970\/revisions\/5972"}],"wp:featuredmedia":[{"embeddable":true,"href":"https:\/\/lalupa24.com.ar\/index.php\/wp-json\/wp\/v2\/media\/5971"}],"wp:attachment":[{"href":"https:\/\/lalupa24.com.ar\/index.php\/wp-json\/wp\/v2\/media?parent=5970"}],"wp:term":[{"taxonomy":"category","embeddable":true,"href":"https:\/\/lalupa24.com.ar\/index.php\/wp-json\/wp\/v2\/categories?post=5970"},{"taxonomy":"post_tag","embeddable":true,"href":"https:\/\/lalupa24.com.ar\/index.php\/wp-json\/wp\/v2\/tags?post=5970"}],"curies":[{"name":"wp","href":"https:\/\/api.w.org\/{rel}","templated":true}]}}