{"id":5984,"date":"2025-04-22T17:50:52","date_gmt":"2025-04-22T20:50:52","guid":{"rendered":"https:\/\/lalupa24.com.ar\/?p=5984"},"modified":"2025-04-22T17:50:53","modified_gmt":"2025-04-22T20:50:53","slug":"el-gobierno-participo-de-la-misa-interreligiosa-por-el-papa-este-dialogo-muestra-lo-que-era-su-personalidad","status":"publish","type":"post","link":"https:\/\/lalupa24.com.ar\/index.php\/2025\/04\/22\/el-gobierno-participo-de-la-misa-interreligiosa-por-el-papa-este-dialogo-muestra-lo-que-era-su-personalidad\/","title":{"rendered":"El Gobierno particip\u00f3 de la misa interreligiosa por el Papa: \u201cEste di\u00e1logo muestra lo que era su personalidad\u201d"},"content":{"rendered":"\n<p>Un d\u00eda despu\u00e9s del fallecimiento del Papa Francisco, el Gobierno argentino particip\u00f3 por primera vez en un homenaje oficial en su memoria, a trav\u00e9s de una oraci\u00f3n interreligiosa en la Catedral Metropolitana. Participaron l\u00edderes de distintas religiones y funcionarios como Guillermo Francos y Gerardo Werthein, en la antesala del viaje de Javier Milei al Vaticano para asistir al funeral. El acto fue un gesto de unidad y reconocimiento al legado de Francisco, especialmente su defensa de la paz, el di\u00e1logo interreligioso y la causa de los m\u00e1s vulnerables. La comitiva oficial partir\u00e1 el jueves rumbo a Roma y regresar\u00e1 el domingo.<\/p>\n","protected":false},"excerpt":{"rendered":"<p>Un d\u00eda despu\u00e9s del fallecimiento del Papa Francisco, el Gobierno argentino particip\u00f3 por primera vez en un homenaje oficial en su memoria, a trav\u00e9s de una oraci\u00f3n interreligiosa en la Catedral Metropolitana. Participaron l\u00edderes de distintas religiones y funcionarios como Guillermo Francos y Gerardo Werthein, en la antesala del viaje de Javier Milei al Vaticano [&hellip;]<\/p>\n","protected":false},"author":2,"featured_media":5986,"comment_status":"open","ping_status":"open","sticky":false,"template":"","format":"standard","meta":{"footnotes":""},"categories":[26],"tags":[],"class_list":{"0":"post-5984","1":"post","2":"type-post","3":"status-publish","4":"format-standard","5":"has-post-thumbnail","7":"category-nacionales"},"aioseo_notices":[],"_links":{"self":[{"href":"https:\/\/lalupa24.com.ar\/index.php\/wp-json\/wp\/v2\/posts\/5984","targetHints":{"allow":["GET"]}}],"collection":[{"href":"https:\/\/lalupa24.com.ar\/index.php\/wp-json\/wp\/v2\/posts"}],"about":[{"href":"https:\/\/lalupa24.com.ar\/index.php\/wp-json\/wp\/v2\/types\/post"}],"author":[{"embeddable":true,"href":"https:\/\/lalupa24.com.ar\/index.php\/wp-json\/wp\/v2\/users\/2"}],"replies":[{"embeddable":true,"href":"https:\/\/lalupa24.com.ar\/index.php\/wp-json\/wp\/v2\/comments?post=5984"}],"version-history":[{"count":1,"href":"https:\/\/lalupa24.com.ar\/index.php\/wp-json\/wp\/v2\/posts\/5984\/revisions"}],"predecessor-version":[{"id":5987,"href":"https:\/\/lalupa24.com.ar\/index.php\/wp-json\/wp\/v2\/posts\/5984\/revisions\/5987"}],"wp:featuredmedia":[{"embeddable":true,"href":"https:\/\/lalupa24.com.ar\/index.php\/wp-json\/wp\/v2\/media\/5986"}],"wp:attachment":[{"href":"https:\/\/lalupa24.com.ar\/index.php\/wp-json\/wp\/v2\/media?parent=5984"}],"wp:term":[{"taxonomy":"category","embeddable":true,"href":"https:\/\/lalupa24.com.ar\/index.php\/wp-json\/wp\/v2\/categories?post=5984"},{"taxonomy":"post_tag","embeddable":true,"href":"https:\/\/lalupa24.com.ar\/index.php\/wp-json\/wp\/v2\/tags?post=5984"}],"curies":[{"name":"wp","href":"https:\/\/api.w.org\/{rel}","templated":true}]}}