{"id":5988,"date":"2025-04-22T17:51:59","date_gmt":"2025-04-22T20:51:59","guid":{"rendered":"https:\/\/lalupa24.com.ar\/?p=5988"},"modified":"2025-04-22T17:52:01","modified_gmt":"2025-04-22T20:52:01","slug":"africa-suena-con-el-nombramiento-del-primer-papa-negro-de-la-historia-moderna","status":"publish","type":"post","link":"https:\/\/lalupa24.com.ar\/index.php\/2025\/04\/22\/africa-suena-con-el-nombramiento-del-primer-papa-negro-de-la-historia-moderna\/","title":{"rendered":"\u00c1frica sue\u00f1a con el nombramiento del primer papa negro de la historia moderna"},"content":{"rendered":"\n<p>Tras la muerte del Papa Francisco, crece en \u00c1frica la esperanza de que uno de sus cardenales sea elegido como el pr\u00f3ximo pont\u00edfice, lo que marcar\u00eda la llegada del primer papa negro de la historia moderna. Aunque \u00c1frica es el continente donde el catolicismo crece m\u00e1s r\u00e1pidamente, los expertos ven poco probable esta elecci\u00f3n, ya que los candidatos africanos han recibido menos visibilidad que los europeos o latinoamericanos. Entre los nombres mencionados figuran Peter Turkson (Ghana), Fridolin Ambongo (Rep. Democr\u00e1tica del Congo) e Ignace Bessi Dogbo (Costa de Marfil).<\/p>\n\n\n\n<p>Un papa africano representar\u00eda un fuerte s\u00edmbolo de reconocimiento al papel creciente de \u00c1frica en la Iglesia y podr\u00eda continuar el enfoque de Francisco en temas sociales y del mundo en desarrollo. Sin embargo, muchos l\u00edderes religiosos africanos sostienen visiones m\u00e1s conservadoras, especialmente en cuestiones como la homosexualidad, lo que podr\u00eda influir en la decisi\u00f3n del c\u00f3nclave.<\/p>\n\n\n\n<p>A pesar de las diferencias, la mayor\u00eda de los fieles africanos priorizan que el nuevo papa sea un l\u00edder espiritual fuerte y guiado por el Esp\u00edritu Santo, m\u00e1s all\u00e1 de su raza o nacionalidad.<\/p>\n","protected":false},"excerpt":{"rendered":"<p>Tras la muerte del Papa Francisco, crece en \u00c1frica la esperanza de que uno de sus cardenales sea elegido como el pr\u00f3ximo pont\u00edfice, lo que marcar\u00eda la llegada del primer papa negro de la historia moderna. Aunque \u00c1frica es el continente donde el catolicismo crece m\u00e1s r\u00e1pidamente, los expertos ven poco probable esta elecci\u00f3n, ya [&hellip;]<\/p>\n","protected":false},"author":2,"featured_media":5990,"comment_status":"open","ping_status":"open","sticky":false,"template":"","format":"standard","meta":{"footnotes":""},"categories":[25],"tags":[],"class_list":{"0":"post-5988","1":"post","2":"type-post","3":"status-publish","4":"format-standard","5":"has-post-thumbnail","7":"category-internacionales"},"aioseo_notices":[],"_links":{"self":[{"href":"https:\/\/lalupa24.com.ar\/index.php\/wp-json\/wp\/v2\/posts\/5988","targetHints":{"allow":["GET"]}}],"collection":[{"href":"https:\/\/lalupa24.com.ar\/index.php\/wp-json\/wp\/v2\/posts"}],"about":[{"href":"https:\/\/lalupa24.com.ar\/index.php\/wp-json\/wp\/v2\/types\/post"}],"author":[{"embeddable":true,"href":"https:\/\/lalupa24.com.ar\/index.php\/wp-json\/wp\/v2\/users\/2"}],"replies":[{"embeddable":true,"href":"https:\/\/lalupa24.com.ar\/index.php\/wp-json\/wp\/v2\/comments?post=5988"}],"version-history":[{"count":1,"href":"https:\/\/lalupa24.com.ar\/index.php\/wp-json\/wp\/v2\/posts\/5988\/revisions"}],"predecessor-version":[{"id":5992,"href":"https:\/\/lalupa24.com.ar\/index.php\/wp-json\/wp\/v2\/posts\/5988\/revisions\/5992"}],"wp:featuredmedia":[{"embeddable":true,"href":"https:\/\/lalupa24.com.ar\/index.php\/wp-json\/wp\/v2\/media\/5990"}],"wp:attachment":[{"href":"https:\/\/lalupa24.com.ar\/index.php\/wp-json\/wp\/v2\/media?parent=5988"}],"wp:term":[{"taxonomy":"category","embeddable":true,"href":"https:\/\/lalupa24.com.ar\/index.php\/wp-json\/wp\/v2\/categories?post=5988"},{"taxonomy":"post_tag","embeddable":true,"href":"https:\/\/lalupa24.com.ar\/index.php\/wp-json\/wp\/v2\/tags?post=5988"}],"curies":[{"name":"wp","href":"https:\/\/api.w.org\/{rel}","templated":true}]}}