{"id":5996,"date":"2025-04-22T17:53:59","date_gmt":"2025-04-22T20:53:59","guid":{"rendered":"https:\/\/lalupa24.com.ar\/?p=5996"},"modified":"2025-04-22T17:54:00","modified_gmt":"2025-04-22T20:54:00","slug":"como-es-el-velatorio-privado-de-francisco-respeto-y-oracion-por-el-papa-difunto","status":"publish","type":"post","link":"https:\/\/lalupa24.com.ar\/index.php\/2025\/04\/22\/como-es-el-velatorio-privado-de-francisco-respeto-y-oracion-por-el-papa-difunto\/","title":{"rendered":"C\u00f3mo es el velatorio privado de Francisco: respeto y oraci\u00f3n por el papa difunto"},"content":{"rendered":"\n<p>El papa Francisco es velado en la capilla privada de la Casa Santa Marta, su residencia en el Vaticano, custodiado por dos guardias suizos d\u00eda y noche. El f\u00e9retro, sencillo y de madera, est\u00e1 acompa\u00f1ado por un cirio encendido, flores discretas y un ambiente de recogimiento. Solo pueden ingresar miembros del clero, monjas y empleados vaticanos con acreditaci\u00f3n.<\/p>\n\n\n\n<p>Francisco, fallecido a los 88 a\u00f1os, yace vestido con paramentos p\u00farpura, mitra blanca y un rosario entre sus manos, bajo la inscripci\u00f3n \u201cVeni Sancte Spiritus\u201d (\u201cVen Esp\u00edritu Santo\u201d). La capilla, sobria y peque\u00f1a, es un espacio de oraci\u00f3n estrictamente vigilado por motivos de seguridad.<\/p>\n\n\n\n<p>El mi\u00e9rcoles, su cuerpo ser\u00e1 trasladado a la Bas\u00edlica de San Pedro para ser despedido por los fieles, y el s\u00e1bado ser\u00e1 enterrado en la cripta de Santa Mar\u00eda la Mayor, como \u00e9l mismo lo hab\u00eda deseado.<\/p>\n","protected":false},"excerpt":{"rendered":"<p>El papa Francisco es velado en la capilla privada de la Casa Santa Marta, su residencia en el Vaticano, custodiado por dos guardias suizos d\u00eda y noche. El f\u00e9retro, sencillo y de madera, est\u00e1 acompa\u00f1ado por un cirio encendido, flores discretas y un ambiente de recogimiento. Solo pueden ingresar miembros del clero, monjas y empleados [&hellip;]<\/p>\n","protected":false},"author":2,"featured_media":5997,"comment_status":"open","ping_status":"open","sticky":false,"template":"","format":"standard","meta":{"footnotes":""},"categories":[25],"tags":[],"class_list":{"0":"post-5996","1":"post","2":"type-post","3":"status-publish","4":"format-standard","5":"has-post-thumbnail","7":"category-internacionales"},"aioseo_notices":[],"_links":{"self":[{"href":"https:\/\/lalupa24.com.ar\/index.php\/wp-json\/wp\/v2\/posts\/5996","targetHints":{"allow":["GET"]}}],"collection":[{"href":"https:\/\/lalupa24.com.ar\/index.php\/wp-json\/wp\/v2\/posts"}],"about":[{"href":"https:\/\/lalupa24.com.ar\/index.php\/wp-json\/wp\/v2\/types\/post"}],"author":[{"embeddable":true,"href":"https:\/\/lalupa24.com.ar\/index.php\/wp-json\/wp\/v2\/users\/2"}],"replies":[{"embeddable":true,"href":"https:\/\/lalupa24.com.ar\/index.php\/wp-json\/wp\/v2\/comments?post=5996"}],"version-history":[{"count":1,"href":"https:\/\/lalupa24.com.ar\/index.php\/wp-json\/wp\/v2\/posts\/5996\/revisions"}],"predecessor-version":[{"id":5998,"href":"https:\/\/lalupa24.com.ar\/index.php\/wp-json\/wp\/v2\/posts\/5996\/revisions\/5998"}],"wp:featuredmedia":[{"embeddable":true,"href":"https:\/\/lalupa24.com.ar\/index.php\/wp-json\/wp\/v2\/media\/5997"}],"wp:attachment":[{"href":"https:\/\/lalupa24.com.ar\/index.php\/wp-json\/wp\/v2\/media?parent=5996"}],"wp:term":[{"taxonomy":"category","embeddable":true,"href":"https:\/\/lalupa24.com.ar\/index.php\/wp-json\/wp\/v2\/categories?post=5996"},{"taxonomy":"post_tag","embeddable":true,"href":"https:\/\/lalupa24.com.ar\/index.php\/wp-json\/wp\/v2\/tags?post=5996"}],"curies":[{"name":"wp","href":"https:\/\/api.w.org\/{rel}","templated":true}]}}