{"id":6000,"date":"2025-04-22T17:54:54","date_gmt":"2025-04-22T20:54:54","guid":{"rendered":"https:\/\/lalupa24.com.ar\/?p=6000"},"modified":"2025-04-22T17:54:56","modified_gmt":"2025-04-22T20:54:56","slug":"quien-es-giovanni-battista-re-la-figura-clave-elegida-por-francisco-para-coordinar-los-proximos-pasos-de-la-iglesia-catolica","status":"publish","type":"post","link":"https:\/\/lalupa24.com.ar\/index.php\/2025\/04\/22\/quien-es-giovanni-battista-re-la-figura-clave-elegida-por-francisco-para-coordinar-los-proximos-pasos-de-la-iglesia-catolica\/","title":{"rendered":"Qui\u00e9n es Giovanni Battista Re, la figura clave elegida por Francisco para coordinar los pr\u00f3ximos pasos de la Iglesia Cat\u00f3lica"},"content":{"rendered":"\n<p>El funeral del papa Francisco se celebrar\u00e1 este <strong>s\u00e1bado 26 de abril<\/strong>, y ser\u00e1 presidido por <strong>Giovanni Battista Re<\/strong>, de 91 a\u00f1os, el decano del colegio cardenalicio. Re, quien tambi\u00e9n est\u00e1 encargado de organizar el <strong>pr\u00f3ximo c\u00f3nclave<\/strong> para elegir al nuevo Papa, fue confirmado en su puesto por Francisco hace pocos meses, a pesar de la regla que estipula que el mandato de los decanos es de cinco a\u00f1os.<\/p>\n\n\n\n<p>Re, conocido por su papel clave en c\u00f3nclaves anteriores, tambi\u00e9n presidir\u00e1 la misa <strong>&#8220;Pro Eligiendo Pont\u00edfice&#8221;<\/strong>, que marca el inicio de los encuentros previos al c\u00f3nclave. De acuerdo con las normas vaticanas, el c\u00f3nclave no puede convocarse durante el per\u00edodo de <strong>Novediales<\/strong> (nueve d\u00edas de misas por el alma del Papa), que comenzar\u00e1 el <strong>d\u00eda del funeral y concluir\u00e1 el 4 de mayo<\/strong>. Por lo tanto, el c\u00f3nclave podr\u00eda comenzar entre el <strong>5 y el 10 de mayo<\/strong>.<\/p>\n\n\n\n<p><strong>Giovanni Battista Re<\/strong> tiene una larga trayectoria en la Iglesia: fue sacerdote durante <strong>68 a\u00f1os<\/strong>, obispo durante <strong>37 a\u00f1os<\/strong> y cardenal desde 2001. A lo largo de su carrera, Re ha trabajado en la diplomacia vaticana, especialmente en pa\u00edses como <strong>Panam\u00e1 e Ir\u00e1n<\/strong>, y fue <strong>prefecto de la Congregaci\u00f3n para los Obispos<\/strong> entre 2000 y 2010.<\/p>\n\n\n\n<p>Adem\u00e1s de Re, el italiano-argentino <strong>Leonardo Sandri<\/strong> fue confirmado como <strong>vicedecano<\/strong>, ocupando su cargo durante los pr\u00f3ximos cinco a\u00f1os.<\/p>\n","protected":false},"excerpt":{"rendered":"<p>El funeral del papa Francisco se celebrar\u00e1 este s\u00e1bado 26 de abril, y ser\u00e1 presidido por Giovanni Battista Re, de 91 a\u00f1os, el decano del colegio cardenalicio. Re, quien tambi\u00e9n est\u00e1 encargado de organizar el pr\u00f3ximo c\u00f3nclave para elegir al nuevo Papa, fue confirmado en su puesto por Francisco hace pocos meses, a pesar de [&hellip;]<\/p>\n","protected":false},"author":2,"featured_media":6002,"comment_status":"open","ping_status":"open","sticky":false,"template":"","format":"standard","meta":{"footnotes":""},"categories":[25],"tags":[],"class_list":{"0":"post-6000","1":"post","2":"type-post","3":"status-publish","4":"format-standard","5":"has-post-thumbnail","7":"category-internacionales"},"aioseo_notices":[],"_links":{"self":[{"href":"https:\/\/lalupa24.com.ar\/index.php\/wp-json\/wp\/v2\/posts\/6000","targetHints":{"allow":["GET"]}}],"collection":[{"href":"https:\/\/lalupa24.com.ar\/index.php\/wp-json\/wp\/v2\/posts"}],"about":[{"href":"https:\/\/lalupa24.com.ar\/index.php\/wp-json\/wp\/v2\/types\/post"}],"author":[{"embeddable":true,"href":"https:\/\/lalupa24.com.ar\/index.php\/wp-json\/wp\/v2\/users\/2"}],"replies":[{"embeddable":true,"href":"https:\/\/lalupa24.com.ar\/index.php\/wp-json\/wp\/v2\/comments?post=6000"}],"version-history":[{"count":1,"href":"https:\/\/lalupa24.com.ar\/index.php\/wp-json\/wp\/v2\/posts\/6000\/revisions"}],"predecessor-version":[{"id":6003,"href":"https:\/\/lalupa24.com.ar\/index.php\/wp-json\/wp\/v2\/posts\/6000\/revisions\/6003"}],"wp:featuredmedia":[{"embeddable":true,"href":"https:\/\/lalupa24.com.ar\/index.php\/wp-json\/wp\/v2\/media\/6002"}],"wp:attachment":[{"href":"https:\/\/lalupa24.com.ar\/index.php\/wp-json\/wp\/v2\/media?parent=6000"}],"wp:term":[{"taxonomy":"category","embeddable":true,"href":"https:\/\/lalupa24.com.ar\/index.php\/wp-json\/wp\/v2\/categories?post=6000"},{"taxonomy":"post_tag","embeddable":true,"href":"https:\/\/lalupa24.com.ar\/index.php\/wp-json\/wp\/v2\/tags?post=6000"}],"curies":[{"name":"wp","href":"https:\/\/api.w.org\/{rel}","templated":true}]}}