{"id":6004,"date":"2025-04-22T17:55:52","date_gmt":"2025-04-22T20:55:52","guid":{"rendered":"https:\/\/lalupa24.com.ar\/?p=6004"},"modified":"2025-04-22T17:55:53","modified_gmt":"2025-04-22T20:55:53","slug":"milei-viajara-el-jueves-para-asistir-al-funeral-del-papa-francisco-quienes-son-los-seis-funcionarios-que-lo-acompanaran","status":"publish","type":"post","link":"https:\/\/lalupa24.com.ar\/index.php\/2025\/04\/22\/milei-viajara-el-jueves-para-asistir-al-funeral-del-papa-francisco-quienes-son-los-seis-funcionarios-que-lo-acompanaran\/","title":{"rendered":"Milei viajar\u00e1 el jueves para asistir al funeral del papa Francisco: quienes son los seis funcionarios que lo acompa\u00f1ar\u00e1n"},"content":{"rendered":"\n<p>El <strong>presidente argentino Javier Milei<\/strong> viajar\u00e1 el <strong>jueves 22 de abril<\/strong> a las 22 horas a la <strong>Ciudad del Vaticano<\/strong> para asistir a la <strong>Misa exequial del papa Francisco<\/strong>, que se celebrar\u00e1 el <strong>s\u00e1bado 26 de abril<\/strong> a las <strong>10:00 horas (hora de Italia)<\/strong> en el <strong>atrio de la Bas\u00edlica de San Pedro<\/strong>. Milei estar\u00e1 acompa\u00f1ado por una delegaci\u00f3n \u201cm\u00ednima\u201d de seis funcionarios del gobierno, como la <strong>secretaria general de la Presidencia<\/strong>, <strong>Karina Milei<\/strong>, el <strong>jefe de Gabinete<\/strong>, <strong>Guillermo Francos<\/strong>, y el <strong>canciller<\/strong> <strong>Gerardo Werthein<\/strong>, entre otros. Este enfoque de \u201ccomitiva m\u00ednima\u201d ha sido destacado por el gobierno argentino, con la idea de preservar el respeto a Francisco, quien es considerado el argentino m\u00e1s importante de la historia.<\/p>\n\n\n\n<p>El secretario de Culto y Civilizaci\u00f3n de la Naci\u00f3n, <strong>Nahuel Sotelo<\/strong>, tambi\u00e9n viajar\u00e1 al Vaticano para coordinar el itinerario de los funcionarios argentinos. Adem\u00e1s, Sotelo podr\u00eda permanecer en Roma hasta que se elija al sucesor de Bergoglio, un proceso que podr\u00eda demorar semanas o incluso meses.<\/p>\n\n\n\n<p>En cuanto a la <strong>vicepresidenta argentina<\/strong>, <strong>Victoria Villarruel<\/strong>, no fue incluida en la delegaci\u00f3n oficial, y aunque no se confirma si viajar\u00e1 por su cuenta, se le vio en la misa en la <strong>Bas\u00edlica de San Jos\u00e9 de Flores<\/strong> en Buenos Aires, donde fue abucheada por algunos asistentes.<\/p>\n\n\n\n<p>La <strong>Comisi\u00f3n Episcopal Argentina (CEA)<\/strong> tambi\u00e9n enviar\u00e1 a su presidente, <strong>monse\u00f1or Marcelo Colombo<\/strong>, quien viajar\u00e1 a Roma en representaci\u00f3n de los obispos argentinos para asistir al funeral.<\/p>\n\n\n\n<h3 class=\"wp-block-heading\">Otros L\u00edderes Internacionales:<\/h3>\n\n\n\n<p>Adem\u00e1s de Milei, importantes figuras internacionales asistir\u00e1n al funeral, como los presidentes <strong>Donald Trump (EE.UU.)<\/strong>, <strong>Giorgia Meloni (Italia)<\/strong>, y <strong>Emmanuel Macron (Francia)<\/strong>, as\u00ed como los presidentes de las instituciones principales de la Uni\u00f3n Europea: <strong>Ursula von der Leyen (Comisi\u00f3n Europea)<\/strong>, <strong>Roberta Metsola (Parlamento Europeo)<\/strong> y <strong>Ant\u00f3nio Costa (Consejo Europeo)<\/strong>.<\/p>\n\n\n\n<h3 class=\"wp-block-heading\">Detalles sobre la Misa Exequial:<\/h3>\n\n\n\n<p>El funeral ser\u00e1 presidido por el <strong>cardenal Giovanni Battista Re<\/strong>, decano del <strong>Colegio Cardenalicio<\/strong>, y constituye una de las ceremonias m\u00e1s importantes en los rituales funerarios papales. La misa incluir\u00e1 momentos clave como la <strong>\u00daltima Commendatio<\/strong> (encomienda final) y la <strong>Valedictio<\/strong> (\u00faltimo adi\u00f3s), que marcan el cierre del rito antes de la sepultura.<\/p>\n\n\n\n<p>Despu\u00e9s de la misa, el <strong>f\u00e9retro<\/strong> del papa ser\u00e1 trasladado a la <strong>Bas\u00edlica de San Pedro<\/strong> y, finalmente, a la <strong>Bas\u00edlica de Santa Mar\u00eda la Mayor<\/strong>, donde descansar\u00e1n sus restos, tal como lo pidi\u00f3 Francisco.<\/p>\n\n\n\n<h3 class=\"wp-block-heading\"><strong>Los Novendiales:<\/strong><\/h3>\n\n\n\n<p>La misa exequial dar\u00e1 inicio al per\u00edodo de <strong>&#8220;Novendiales&#8221;<\/strong>, que consiste en <strong>nueve d\u00edas consecutivos de misas<\/strong> por el descanso eterno del Papa. Este per\u00edodo es una tradici\u00f3n importante en la Iglesia cat\u00f3lica y prepara a la comunidad para el <strong>c\u00f3nclave<\/strong>, que ser\u00e1 el proceso de elecci\u00f3n del pr\u00f3ximo papa.<\/p>\n","protected":false},"excerpt":{"rendered":"<p>El presidente argentino Javier Milei viajar\u00e1 el jueves 22 de abril a las 22 horas a la Ciudad del Vaticano para asistir a la Misa exequial del papa Francisco, que se celebrar\u00e1 el s\u00e1bado 26 de abril a las 10:00 horas (hora de Italia) en el atrio de la Bas\u00edlica de San Pedro. Milei estar\u00e1 [&hellip;]<\/p>\n","protected":false},"author":2,"featured_media":6005,"comment_status":"open","ping_status":"open","sticky":false,"template":"","format":"standard","meta":{"footnotes":""},"categories":[26],"tags":[],"class_list":{"0":"post-6004","1":"post","2":"type-post","3":"status-publish","4":"format-standard","5":"has-post-thumbnail","7":"category-nacionales"},"aioseo_notices":[],"_links":{"self":[{"href":"https:\/\/lalupa24.com.ar\/index.php\/wp-json\/wp\/v2\/posts\/6004","targetHints":{"allow":["GET"]}}],"collection":[{"href":"https:\/\/lalupa24.com.ar\/index.php\/wp-json\/wp\/v2\/posts"}],"about":[{"href":"https:\/\/lalupa24.com.ar\/index.php\/wp-json\/wp\/v2\/types\/post"}],"author":[{"embeddable":true,"href":"https:\/\/lalupa24.com.ar\/index.php\/wp-json\/wp\/v2\/users\/2"}],"replies":[{"embeddable":true,"href":"https:\/\/lalupa24.com.ar\/index.php\/wp-json\/wp\/v2\/comments?post=6004"}],"version-history":[{"count":1,"href":"https:\/\/lalupa24.com.ar\/index.php\/wp-json\/wp\/v2\/posts\/6004\/revisions"}],"predecessor-version":[{"id":6006,"href":"https:\/\/lalupa24.com.ar\/index.php\/wp-json\/wp\/v2\/posts\/6004\/revisions\/6006"}],"wp:featuredmedia":[{"embeddable":true,"href":"https:\/\/lalupa24.com.ar\/index.php\/wp-json\/wp\/v2\/media\/6005"}],"wp:attachment":[{"href":"https:\/\/lalupa24.com.ar\/index.php\/wp-json\/wp\/v2\/media?parent=6004"}],"wp:term":[{"taxonomy":"category","embeddable":true,"href":"https:\/\/lalupa24.com.ar\/index.php\/wp-json\/wp\/v2\/categories?post=6004"},{"taxonomy":"post_tag","embeddable":true,"href":"https:\/\/lalupa24.com.ar\/index.php\/wp-json\/wp\/v2\/tags?post=6004"}],"curies":[{"name":"wp","href":"https:\/\/api.w.org\/{rel}","templated":true}]}}