{"id":6007,"date":"2025-04-22T17:57:01","date_gmt":"2025-04-22T20:57:01","guid":{"rendered":"https:\/\/lalupa24.com.ar\/?p=6007"},"modified":"2025-04-22T17:57:03","modified_gmt":"2025-04-22T20:57:03","slug":"el-funeral-del-papa-francisco-sera-este-sabado-su-cuerpo-sera-expuesto-desde-manana-en-la-basilica-de-san-pedro","status":"publish","type":"post","link":"https:\/\/lalupa24.com.ar\/index.php\/2025\/04\/22\/el-funeral-del-papa-francisco-sera-este-sabado-su-cuerpo-sera-expuesto-desde-manana-en-la-basilica-de-san-pedro\/","title":{"rendered":"El funeral del papa Francisco ser\u00e1 este s\u00e1bado: su cuerpo ser\u00e1 expuesto desde ma\u00f1ana en la bas\u00edlica de San Pedro"},"content":{"rendered":"\n<p>El <strong>funeral del papa Francisco<\/strong> se celebrar\u00e1 el <strong>s\u00e1bado 26 de abril<\/strong> a las <strong>10:00 horas (hora local, 8:00 GMT)<\/strong> en la <strong>Plaza de San Pedro<\/strong> en el Vaticano, bajo la presidencia de <strong>Giovanni Battista Re<\/strong>, decano del <strong>Colegio Cardenalicio<\/strong>. La ceremonia contar\u00e1 con la presencia de jefes de Estado y delegaciones oficiales de todo el mundo. Esta misa es un momento clave de despedida para el pont\u00edfice, quien falleci\u00f3 a los <strong>88 a\u00f1os<\/strong> el <strong>lunes 21 de abril<\/strong> debido a un ictus.<\/p>\n\n\n\n<h3 class=\"wp-block-heading\">Traslaci\u00f3n del Cuerpo:<\/h3>\n\n\n\n<p>El <strong>mi\u00e9rcoles 23 de abril<\/strong>, a las <strong>9:00 horas (07:00 GMT)<\/strong>, comenzar\u00e1 el traslado del cuerpo del Papa desde la capilla de la residencia <strong>Santa Marta<\/strong>, donde falleci\u00f3, hasta la <strong>Bas\u00edlica de San Pedro<\/strong>. La procesi\u00f3n ser\u00e1 acompa\u00f1ada por una breve ceremonia de oraci\u00f3n presidida por el <strong>camarlengo<\/strong>, el <strong>cardenal Kevin Joseph Farrell<\/strong>. El f\u00e9retro pasar\u00e1 por diversos puntos emblem\u00e1ticos, como la <strong>Plaza Santa Marta<\/strong> y el <strong>Arco de las Campanas<\/strong>, antes de llegar a la Plaza de San Pedro.<\/p>\n\n\n\n<p>Una vez all\u00ed, el cuerpo ser\u00e1 colocado <strong>bajo el baldaquino del Altar de la Confesi\u00f3n<\/strong>, donde se llevar\u00e1 a cabo una <strong>Liturgia de la Palabra<\/strong>. Tras esta ceremonia, se abrir\u00e1 la <strong>capilla ardiente<\/strong> para que los fieles puedan despedirse.<\/p>\n\n\n\n<h3 class=\"wp-block-heading\">Instrucciones para el Entierro:<\/h3>\n\n\n\n<p>El papa Francisco dej\u00f3 en su <strong>testamento<\/strong> instrucciones claras sobre su entierro: su cuerpo ser\u00e1 colocado en un <strong>\u00fanico f\u00e9retro de madera<\/strong>, sin el uso de la tradicional <strong>trilog\u00eda de ata\u00fades<\/strong> (cipr\u00e9s, plomo y roble). En lugar de eso, el f\u00e9retro ser\u00e1 de madera con interior de zinc, y no llevar\u00e1 el <strong>b\u00e1culo papal<\/strong>. Su tumba ser\u00e1 <strong>sencilla<\/strong>, sin adornos ni inscripciones decorativas, con solo su nombre en lat\u00edn: <strong>Franciscus<\/strong>.<\/p>\n\n\n\n<p>Adem\u00e1s, Francisco solicit\u00f3 que su sepulcro se ubique <strong>entre la Capilla Paulina<\/strong> (Salus Populi Romani) y la <strong>Capilla Sforza<\/strong> en la <strong>Bas\u00edlica de Santa Mar\u00eda la Mayor<\/strong>, en Roma, haciendo de \u00e9l el primer Papa en m\u00e1s de un siglo en ser enterrado fuera del Vaticano.<\/p>\n\n\n\n<h3 class=\"wp-block-heading\"><strong>Luto Internacional:<\/strong><\/h3>\n\n\n\n<p>La muerte de Francisco ha provocado una ola de condolencias y luto mundial. En <strong>Argentina<\/strong>, su pa\u00eds natal, el gobierno decret\u00f3 una <strong>semana de duelo nacional<\/strong>. <strong>India<\/strong> tambi\u00e9n estableci\u00f3 tres d\u00edas de luto oficial, un gesto inusual por tratarse de un l\u00edder religioso extranjero.<\/p>\n\n\n\n<p><strong>Jefes de Estado<\/strong> como <strong>Emmanuel Macron<\/strong> (Francia) y <strong>Luiz In\u00e1cio Lula da Silva<\/strong> (Brasil) han expresado su respeto por Francisco. En el \u00e1mbito deportivo, figuras como <strong>Lionel Messi<\/strong> han manifestado su gratitud por el legado de Francisco, destacando su contribuci\u00f3n para hacer del mundo un lugar mejor.<\/p>\n\n\n\n<p>En <strong>Buenos Aires<\/strong>, la <strong>Catedral Metropolitana<\/strong> organiz\u00f3 una misa en su memoria y abri\u00f3 un espacio para que los ciudadanos firmaran libros de condolencias. Actos similares se organizaron en varias ciudades del pa\u00eds.<\/p>\n\n\n\n<h3 class=\"wp-block-heading\"><strong>El C\u00f3nclave:<\/strong><\/h3>\n\n\n\n<p style=\"max-width:1411px\">Tras el funeral, se iniciar\u00e1 el per\u00edodo de <strong>&#8220;Novendiales&#8221;<\/strong>, que son <strong>nueve d\u00edas de misas y oraciones<\/strong> dedicadas al descanso eterno de Francisco. Este per\u00edodo culminar\u00e1 en el inicio del <strong>c\u00f3nclave<\/strong> para elegir al nuevo Papa.<\/p>\n","protected":false},"excerpt":{"rendered":"<p>El funeral del papa Francisco se celebrar\u00e1 el s\u00e1bado 26 de abril a las 10:00 horas (hora local, 8:00 GMT) en la Plaza de San Pedro en el Vaticano, bajo la presidencia de Giovanni Battista Re, decano del Colegio Cardenalicio. La ceremonia contar\u00e1 con la presencia de jefes de Estado y delegaciones oficiales de todo [&hellip;]<\/p>\n","protected":false},"author":2,"featured_media":6009,"comment_status":"open","ping_status":"open","sticky":false,"template":"","format":"standard","meta":{"footnotes":""},"categories":[25],"tags":[],"class_list":{"0":"post-6007","1":"post","2":"type-post","3":"status-publish","4":"format-standard","5":"has-post-thumbnail","7":"category-internacionales"},"aioseo_notices":[],"_links":{"self":[{"href":"https:\/\/lalupa24.com.ar\/index.php\/wp-json\/wp\/v2\/posts\/6007","targetHints":{"allow":["GET"]}}],"collection":[{"href":"https:\/\/lalupa24.com.ar\/index.php\/wp-json\/wp\/v2\/posts"}],"about":[{"href":"https:\/\/lalupa24.com.ar\/index.php\/wp-json\/wp\/v2\/types\/post"}],"author":[{"embeddable":true,"href":"https:\/\/lalupa24.com.ar\/index.php\/wp-json\/wp\/v2\/users\/2"}],"replies":[{"embeddable":true,"href":"https:\/\/lalupa24.com.ar\/index.php\/wp-json\/wp\/v2\/comments?post=6007"}],"version-history":[{"count":1,"href":"https:\/\/lalupa24.com.ar\/index.php\/wp-json\/wp\/v2\/posts\/6007\/revisions"}],"predecessor-version":[{"id":6011,"href":"https:\/\/lalupa24.com.ar\/index.php\/wp-json\/wp\/v2\/posts\/6007\/revisions\/6011"}],"wp:featuredmedia":[{"embeddable":true,"href":"https:\/\/lalupa24.com.ar\/index.php\/wp-json\/wp\/v2\/media\/6009"}],"wp:attachment":[{"href":"https:\/\/lalupa24.com.ar\/index.php\/wp-json\/wp\/v2\/media?parent=6007"}],"wp:term":[{"taxonomy":"category","embeddable":true,"href":"https:\/\/lalupa24.com.ar\/index.php\/wp-json\/wp\/v2\/categories?post=6007"},{"taxonomy":"post_tag","embeddable":true,"href":"https:\/\/lalupa24.com.ar\/index.php\/wp-json\/wp\/v2\/tags?post=6007"}],"curies":[{"name":"wp","href":"https:\/\/api.w.org\/{rel}","templated":true}]}}