{"id":6012,"date":"2025-04-22T17:58:27","date_gmt":"2025-04-22T20:58:27","guid":{"rendered":"https:\/\/lalupa24.com.ar\/?p=6012"},"modified":"2025-04-22T17:58:28","modified_gmt":"2025-04-22T20:58:28","slug":"tras-la-muerte-de-francisco-cristina-kirchner-y-gildo-insfran-suspendieron-el-congreso-del-pj","status":"publish","type":"post","link":"https:\/\/lalupa24.com.ar\/index.php\/2025\/04\/22\/tras-la-muerte-de-francisco-cristina-kirchner-y-gildo-insfran-suspendieron-el-congreso-del-pj\/","title":{"rendered":"Tras la muerte de Francisco, Cristina Kirchner y Gildo Insfr\u00e1n suspendieron el congreso del PJ"},"content":{"rendered":"\n<p>La muerte del Papa Francisco ha afectado profundamente la pol\u00edtica argentina, provocando ajustes en las agendas de varios actores clave en el pa\u00eds. A continuaci\u00f3n, se destacan algunos de los impactos m\u00e1s relevantes:<\/p>\n\n\n\n<h3 class=\"wp-block-heading\"><strong>Postergaci\u00f3n del Congreso del PJ Nacional<\/strong><\/h3>\n\n\n\n<p>El <strong>Partido Justicialista (PJ)<\/strong>, bajo la presidencia de <strong>Cristina Kirchner<\/strong> y <strong>Gildo Insfr\u00e1n<\/strong>, decidi\u00f3 suspender la convocatoria al Congreso partidario que iba a tener lugar el <strong>viernes 25 de abril<\/strong>. Esta decisi\u00f3n fue tomada en <strong>honor a la memoria del Papa Francisco<\/strong>, quien falleci\u00f3 en la ma\u00f1ana del lunes. El Congreso iba a abordar temas importantes, pero la conmoci\u00f3n por la p\u00e9rdida del Papa llev\u00f3 a la suspensi\u00f3n de esta reuni\u00f3n. El PJ destac\u00f3 que Francisco fue un <strong>&#8220;faro en la b\u00fasqueda de la Justicia Social&#8221;<\/strong>, un principio fundamental para el movimiento justicialista. La reuni\u00f3n se reprogramar\u00e1 <strong>despu\u00e9s de las exequias del Papa<\/strong>.<\/p>\n\n\n\n<p>Adem\u00e1s, la decisi\u00f3n permiti\u00f3 evitar que el encuentro partidario se desarrollara en un contexto de creciente tensi\u00f3n interna en el peronismo, especialmente en la disputa entre <strong>Cristina Kirchner<\/strong> y <strong>Axel Kicillof<\/strong> dentro de la provincia de Buenos Aires. Esto permiti\u00f3 a los dirigentes centrar su atenci\u00f3n en el homenaje a Francisco y no en los conflictos partidarios.<\/p>\n\n\n\n<h3 class=\"wp-block-heading\"><strong>Suspensi\u00f3n de la Campa\u00f1a de Leandro Santoro<\/strong><\/h3>\n\n\n\n<p>Le <strong>andro Santoro<\/strong>, candidato a legislador porte\u00f1o, tambi\u00e9n decidi\u00f3 <strong>pausar su campa\u00f1a electoral<\/strong> en la Ciudad de Buenos Aires. Santoro ten\u00eda prevista una <strong>presentaci\u00f3n de su libro<\/strong> como parte de su agenda de campa\u00f1a, pero debido al fallecimiento del Papa, reprogram\u00f3 sus actividades. Su campa\u00f1a se espera que retome <strong>hacia finales de este fin de semana o al comienzo de la pr\u00f3xima semana<\/strong>, con un enfoque renovado en el tramo final de las elecciones.<\/p>\n\n\n\n<h3 class=\"wp-block-heading\"><strong>Impacto en el Clima Pol\u00edtico y Electoral<\/strong><\/h3>\n\n\n\n<p>El fallecimiento de Francisco ha interrumpido la rutina pol\u00edtica del pa\u00eds, justo en un momento clave del proceso electoral. Las elecciones cercanas y las tensiones internas dentro del peronismo hab\u00edan dominado la agenda pol\u00edtica, pero la <strong>figura de Francisco<\/strong> logr\u00f3 <strong>reorientar temporalmente<\/strong> esa agenda. A pesar de los conflictos internos, la figura del Papa ha unido a los sectores pol\u00edticos para <strong>centrarse en el homenaje y despedida<\/strong> del l\u00edder religioso.<\/p>\n\n\n\n<p>El <strong>respetuoso cambio de enfoque<\/strong> es significativo, ya que tanto el <strong>PJ<\/strong> como figuras pol\u00edticas de distintos sectores decidieron poner en pausa sus actividades electorales, reconociendo la trascendencia de la figura papal y el duelo nacional.<\/p>\n\n\n\n<h3 class=\"wp-block-heading\"><strong>Reflexi\u00f3n Final<\/strong><\/h3>\n\n\n\n<p>Este tipo de cambios demuestra el <strong>impacto profundo<\/strong> que la figura del Papa Francisco tiene sobre la pol\u00edtica argentina y c\u00f3mo los eventos internacionales pueden alterar las din\u00e1micas pol\u00edticas internas. Las pr\u00f3ximas semanas estar\u00e1n marcadas por los homenajes al Papa y por la reorientaci\u00f3n de las agendas pol\u00edticas y electorales, lo que generar\u00e1 un contexto \u00fanico para los comicios que se avecinan.<\/p>\n","protected":false},"excerpt":{"rendered":"<p>La muerte del Papa Francisco ha afectado profundamente la pol\u00edtica argentina, provocando ajustes en las agendas de varios actores clave en el pa\u00eds. A continuaci\u00f3n, se destacan algunos de los impactos m\u00e1s relevantes: Postergaci\u00f3n del Congreso del PJ Nacional El Partido Justicialista (PJ), bajo la presidencia de Cristina Kirchner y Gildo Insfr\u00e1n, decidi\u00f3 suspender la [&hellip;]<\/p>\n","protected":false},"author":2,"featured_media":6015,"comment_status":"open","ping_status":"open","sticky":false,"template":"","format":"standard","meta":{"footnotes":""},"categories":[26],"tags":[],"class_list":{"0":"post-6012","1":"post","2":"type-post","3":"status-publish","4":"format-standard","5":"has-post-thumbnail","7":"category-nacionales"},"aioseo_notices":[],"_links":{"self":[{"href":"https:\/\/lalupa24.com.ar\/index.php\/wp-json\/wp\/v2\/posts\/6012","targetHints":{"allow":["GET"]}}],"collection":[{"href":"https:\/\/lalupa24.com.ar\/index.php\/wp-json\/wp\/v2\/posts"}],"about":[{"href":"https:\/\/lalupa24.com.ar\/index.php\/wp-json\/wp\/v2\/types\/post"}],"author":[{"embeddable":true,"href":"https:\/\/lalupa24.com.ar\/index.php\/wp-json\/wp\/v2\/users\/2"}],"replies":[{"embeddable":true,"href":"https:\/\/lalupa24.com.ar\/index.php\/wp-json\/wp\/v2\/comments?post=6012"}],"version-history":[{"count":1,"href":"https:\/\/lalupa24.com.ar\/index.php\/wp-json\/wp\/v2\/posts\/6012\/revisions"}],"predecessor-version":[{"id":6016,"href":"https:\/\/lalupa24.com.ar\/index.php\/wp-json\/wp\/v2\/posts\/6012\/revisions\/6016"}],"wp:featuredmedia":[{"embeddable":true,"href":"https:\/\/lalupa24.com.ar\/index.php\/wp-json\/wp\/v2\/media\/6015"}],"wp:attachment":[{"href":"https:\/\/lalupa24.com.ar\/index.php\/wp-json\/wp\/v2\/media?parent=6012"}],"wp:term":[{"taxonomy":"category","embeddable":true,"href":"https:\/\/lalupa24.com.ar\/index.php\/wp-json\/wp\/v2\/categories?post=6012"},{"taxonomy":"post_tag","embeddable":true,"href":"https:\/\/lalupa24.com.ar\/index.php\/wp-json\/wp\/v2\/tags?post=6012"}],"curies":[{"name":"wp","href":"https:\/\/api.w.org\/{rel}","templated":true}]}}