{"id":6031,"date":"2025-04-22T19:36:24","date_gmt":"2025-04-22T22:36:24","guid":{"rendered":"https:\/\/lalupa24.com.ar\/?p=6031"},"modified":"2025-04-22T19:36:25","modified_gmt":"2025-04-22T22:36:25","slug":"zdero-acompano-al-servicio-penitenciario-provincial-en-un-nuevo-aniversario","status":"publish","type":"post","link":"https:\/\/lalupa24.com.ar\/index.php\/2025\/04\/22\/zdero-acompano-al-servicio-penitenciario-provincial-en-un-nuevo-aniversario\/","title":{"rendered":"Zdero acompa\u00f1\u00f3 al servicio penitenciario provincial en un nuevo aniversario"},"content":{"rendered":"\n<p><\/p>\n\n\n\n<p><em>La fuerza celebr\u00f3 hoy su XVII aniversario en un acto en el Parque de la Democracia. \u201cVenimos cumpliendo lo prometido y vemos un cambio trascendental en el \u00faltimo tiempo\u201d, valor\u00f3 el Gobernador.<\/em><\/p>\n\n\n\n<p><em>El gobernador de la provincia Leandro Zdero, acompa\u00f1\u00f3, este martes, en el Parque de la Democracia, el acto oficial por el XVII aniversario del Servicio Penitenciario y de Readaptaci\u00f3n Social del Chaco. Junto al ministro de Seguridad Hugo Matkovich y la jefa del Servicio Penitenciario, Gilda Erika Maidana, el mandatario salud\u00f3 a los agentes de esa fuerza y reivindic\u00f3 su trabajo cotidiano para garantizar la seguridad de la ciudadan\u00eda.<\/em><br>\u201cQuiero agradecerles por la tarea que vienen haciendo; venimos cumpliendo los compromisos asumidos y vemos un cambio trascendental en el \u00faltimo tiempo\u201d, expres\u00f3 el gobernador. En este sentido, destac\u00f3 el Plan de Seguridad que lleva adelante la actual gesti\u00f3n de gobierno y distintas medidas que se lograron hasta el momento: \u201cTenemos una pol\u00edtica muy clara de seguridad m\u00e1s all\u00e1 de las cr\u00edticas que vengan de quienes no hicieron lo que ten\u00edan hacer. En menos de un a\u00f1o terminamos los piquetes, garantizamos sacar los celulares a los presos, abrimos la escuela de polic\u00eda, estamos formando penitenciarios y polic\u00edas para la seguridad de los chaque\u00f1os\u201d, enumer\u00f3.<br>Asimismo, destac\u00f3 que se est\u00e1 trabajando para garantizar una infraestructura adecuada, y poder trasladar a quienes est\u00e9n cumpliendo condenas en comisar\u00edas. \u201cEstamos poniendo en condiciones de seguridad los edificios que deben guardar a las personas privadas de su libertad, lo que es una demanda de hace mucho tiempo\u201d, dijo. \u201cRecuperamos el Pabell\u00f3n 5 de Presidencia Roque S\u00e1enz Pe\u00f1a, vamos a recuperar el 6, aumentando la capacidad de alojamiento de los privados de libertad\u201d, agreg\u00f3 el gobernador.<\/p>\n\n\n\n<p>El ministro Matkovich indic\u00f3: \u201cEstamos reafirmando decisiones que se hab\u00edan tomado en los \u00faltimos meses; como ser la limitaci\u00f3n del uso de celulares en las c\u00e1rceles y unidades penitenciarias. Muchas veces que invocar al sentido com\u00fan, los presos no pueden tener los mismos derechos que el resto de la sociedad\u201d, valor\u00f3.<br>En tanto la jefa del Servicio Penitenciario, Gilda Maidana, destac\u00f3 el trabajo de todos los que forman parte de la fuerza y agradeci\u00f3 el acompa\u00f1amiento del Ejecutivo provincial: \u201cVemos el crecimiento institucional y el compromiso del gobierno, siempre dando una mirada que hace falta\u201d. As\u00ed, puntualiz\u00f3 en los avances en los m\u00f3dulos que se est\u00e1n recuperando y en la incorporaci\u00f3n de los nuevos agentes. \u201cLos primeros d\u00edas de mayo, los nuevos 198 agentes se ir\u00e1n ubicando en todas las unidades penitenciarias del \u00e1rea metropolitana y del interior\u201d, concluy\u00f3.<\/p>\n","protected":false},"excerpt":{"rendered":"<p>La fuerza celebr\u00f3 hoy su XVII aniversario en un acto en el Parque de la Democracia. \u201cVenimos cumpliendo lo prometido y vemos un cambio trascendental en el \u00faltimo tiempo\u201d, valor\u00f3 el Gobernador. El gobernador de la provincia Leandro Zdero, acompa\u00f1\u00f3, este martes, en el Parque de la Democracia, el acto oficial por el XVII aniversario [&hellip;]<\/p>\n","protected":false},"author":2,"featured_media":6032,"comment_status":"open","ping_status":"open","sticky":false,"template":"","format":"standard","meta":{"footnotes":""},"categories":[28],"tags":[],"class_list":{"0":"post-6031","1":"post","2":"type-post","3":"status-publish","4":"format-standard","5":"has-post-thumbnail","7":"category-locales"},"aioseo_notices":[],"_links":{"self":[{"href":"https:\/\/lalupa24.com.ar\/index.php\/wp-json\/wp\/v2\/posts\/6031","targetHints":{"allow":["GET"]}}],"collection":[{"href":"https:\/\/lalupa24.com.ar\/index.php\/wp-json\/wp\/v2\/posts"}],"about":[{"href":"https:\/\/lalupa24.com.ar\/index.php\/wp-json\/wp\/v2\/types\/post"}],"author":[{"embeddable":true,"href":"https:\/\/lalupa24.com.ar\/index.php\/wp-json\/wp\/v2\/users\/2"}],"replies":[{"embeddable":true,"href":"https:\/\/lalupa24.com.ar\/index.php\/wp-json\/wp\/v2\/comments?post=6031"}],"version-history":[{"count":1,"href":"https:\/\/lalupa24.com.ar\/index.php\/wp-json\/wp\/v2\/posts\/6031\/revisions"}],"predecessor-version":[{"id":6033,"href":"https:\/\/lalupa24.com.ar\/index.php\/wp-json\/wp\/v2\/posts\/6031\/revisions\/6033"}],"wp:featuredmedia":[{"embeddable":true,"href":"https:\/\/lalupa24.com.ar\/index.php\/wp-json\/wp\/v2\/media\/6032"}],"wp:attachment":[{"href":"https:\/\/lalupa24.com.ar\/index.php\/wp-json\/wp\/v2\/media?parent=6031"}],"wp:term":[{"taxonomy":"category","embeddable":true,"href":"https:\/\/lalupa24.com.ar\/index.php\/wp-json\/wp\/v2\/categories?post=6031"},{"taxonomy":"post_tag","embeddable":true,"href":"https:\/\/lalupa24.com.ar\/index.php\/wp-json\/wp\/v2\/tags?post=6031"}],"curies":[{"name":"wp","href":"https:\/\/api.w.org\/{rel}","templated":true}]}}